{"id":3877,"date":"2018-04-06T16:34:00","date_gmt":"2018-04-06T16:34:00","guid":{"rendered":"http:\/\/www2.unifap.br\/procri\/?p=3877"},"modified":"2018-04-16T16:36:16","modified_gmt":"2018-04-16T16:36:16","slug":"edital-052018procri_auxilio-mobilidade-nacional-2018-2","status":"publish","type":"post","link":"http:\/\/www2.unifap.br\/procri\/2018\/04\/06\/edital-052018procri_auxilio-mobilidade-nacional-2018-2\/","title":{"rendered":"EDITAL 05\/2018\/PROCRI_AUX\u00cdLIO MOBILIDADE NACIONAL 2018.2"},"content":{"rendered":"<p align=\"center\">A Pr\u00f3-Reitoria de Coopera\u00e7\u00e3o e Rela\u00e7\u00f5es Interinstitucionais \u2013 PROCRI em parceria com a Pr\u00f3-Reitoria de Extens\u00e3o e Assuntos Comunit\u00e1rios \u2013 PROEAC, atrav\u00e9s do presente Edital seleciona alunos para Mobilidade Nacional com aux\u00edlio financeiro para estudar no 2\u00ba per\u00edodo letivo de 2018 em Institui\u00e7\u00e3o de Ensino Superior em outro Estado da Federa\u00e7\u00e3o.<\/p>\n<p align=\"center\"><i>PARA OS CAMPI MARCO ZERO E INTERIOR<\/i><\/p>\n<p align=\"center\"><a href=\"http:\/\/www2.unifap.br\/procri\/files\/2018\/04\/EDITAL-05-2018-PROCRI-UNIFAP-Aux\u00edlio-Mob-Nacional-2018.2.pdf\">EDITAL 05-2018-PROCRI-UNIFAP-Aux\u00edlio Mob Nacional 2018.2<\/a>\u00a0 \u00a0 \u00a0<a href=\"http:\/\/www2.unifap.br\/procri\/files\/2018\/04\/ERRATA-EDITAL-05-2018-PROCRI.pdf\">ERRATA &#8211; EDITAL 05-2018-PROCRI<\/a><\/p>\n<p align=\"center\"><a href=\"http:\/\/www2.unifap.br\/procri\/files\/2018\/04\/ANEXO-I-CADASTRO1.docx\">ANEXO I -CADASTRO<\/a>\u00a0 \u00a0\u00a0<a href=\"http:\/\/www2.unifap.br\/procri\/files\/2018\/04\/ANEXO-II-PLANO-DE-ESTUDO1.docx\">ANEXO II &#8211; PLANO DE ESTUDO<\/a>\u00a0 \u00a0 <a href=\"http:\/\/www2.unifap.br\/procri\/files\/2018\/04\/ANEXO-III-PLANILHA-PONTUA\u00c7\u00c3O1.docx\">ANEXO III-PLANILHA PONTUA\u00c7\u00c3O<\/a><\/p>\n<p align=\"center\"><a href=\"http:\/\/www2.unifap.br\/procri\/files\/2018\/04\/Formul\u00e1rio-de-recurso1.docx\">Formul\u00e1rio de recurso<\/a><\/p>\n<p align=\"center\"><a href=\"http:\/\/www2.unifap.br\/procri\/files\/2018\/04\/Relat\u00f3rio-de-presta\u00e7\u00e3o-de-contas.docx\">Relat\u00f3rio de presta\u00e7\u00e3o de contas<\/a><\/p>\n","protected":false},"excerpt":{"rendered":"<p>A Pr\u00f3-Reitoria de Coopera\u00e7\u00e3o e Rela\u00e7\u00f5es Interinstitucionais \u2013 PROCRI em parceria com a Pr\u00f3-Reitoria de Extens\u00e3o e Assuntos Comunit\u00e1rios \u2013 PROEAC, atrav\u00e9s do presente Edital seleciona alunos para Mobilidade Nacional com aux\u00edlio financeiro para estudar no 2\u00ba per\u00edodo letivo de 2018 em Institui\u00e7\u00e3o de Ensino Superior em outro Estado da Federa\u00e7\u00e3o. PARA OS CAMPI MARCO&#8230;<\/p>\n","protected":false},"author":189,"featured_media":0,"comment_status":"open","ping_status":"open","sticky":false,"template":"","format":"standard","meta":{"inline_featured_image":false,"ngg_post_thumbnail":0,"footnotes":""},"categories":[1],"tags":[],"class_list":["post-3877","post","type-post","status-publish","format-standard","hentry","category-sem-categoria","entry"],"_links":{"self":[{"href":"http:\/\/www2.unifap.br\/procri\/wp-json\/wp\/v2\/posts\/3877","targetHints":{"allow":["GET"]}}],"collection":[{"href":"http:\/\/www2.unifap.br\/procri\/wp-json\/wp\/v2\/posts"}],"about":[{"href":"http:\/\/www2.unifap.br\/procri\/wp-json\/wp\/v2\/types\/post"}],"author":[{"embeddable":true,"href":"http:\/\/www2.unifap.br\/procri\/wp-json\/wp\/v2\/users\/189"}],"replies":[{"embeddable":true,"href":"http:\/\/www2.unifap.br\/procri\/wp-json\/wp\/v2\/comments?post=3877"}],"version-history":[{"count":2,"href":"http:\/\/www2.unifap.br\/procri\/wp-json\/wp\/v2\/posts\/3877\/revisions"}],"predecessor-version":[{"id":3910,"href":"http:\/\/www2.unifap.br\/procri\/wp-json\/wp\/v2\/posts\/3877\/revisions\/3910"}],"wp:attachment":[{"href":"http:\/\/www2.unifap.br\/procri\/wp-json\/wp\/v2\/media?parent=3877"}],"wp:term":[{"taxonomy":"category","embeddable":true,"href":"http:\/\/www2.unifap.br\/procri\/wp-json\/wp\/v2\/categories?post=3877"},{"taxonomy":"post_tag","embeddable":true,"href":"http:\/\/www2.unifap.br\/procri\/wp-json\/wp\/v2\/tags?post=3877"}],"curies":[{"name":"wp","href":"https:\/\/api.w.org\/{rel}","templated":true}]}}