{"id":5190,"date":"2020-07-07T17:18:15","date_gmt":"2020-07-07T17:18:15","guid":{"rendered":"http:\/\/www2.unifap.br\/procri\/?p=5190"},"modified":"2020-07-20T19:27:04","modified_gmt":"2020-07-20T19:27:04","slug":"edital-no-03-2020-bolsas-promisaes-sesu-mec-estudantes-pec-g-unifap","status":"publish","type":"post","link":"http:\/\/www2.unifap.br\/procri\/2020\/07\/07\/edital-no-03-2020-bolsas-promisaes-sesu-mec-estudantes-pec-g-unifap\/","title":{"rendered":"EDITAL N\u00ba 03\/2020 \u2013 BOLSAS PROMISAES (SESu\/MEC \u2013 Estudantes PEC-G\/UNIFAP)"},"content":{"rendered":"<p>A <strong>Pr\u00f3-Reitoria de Coopera\u00e7\u00e3o e Rela\u00e7\u00f5es Interinstitucionais (PROCRI) <\/strong>da <strong>Universidade Federal do Amap\u00e1 (UNIFAP) <\/strong>no uso de suas atribui\u00e7\u00f5es, torna p\u00fablico que estar\u00e3o abertas as inscri\u00e7\u00f5es para processo seletivo, regido pelas regras do presente Edital e seus Anexos, para Aux\u00edlio Financeiro do Projeto MEC\/PROMISAES (Projeto Milton Santos de Acesso ao Ensino Superior) 2020\/1, para o Programa Estudantes-Conv\u00eanio de Gradua\u00e7\u00e3o \u2013 PEC-G da UNIFAP, na observ\u00e2ncia do Decreto Presidencial n\u00ba 7948\/2013 e da Portaria da SESu\/MEC n\u00ba 745\/2012.<\/p>\n<p>Podem se inscrever alunos (as) ingressantes da UNIFAP oriundos do&nbsp;Programa Estudantes-Conv\u00eanio de Gradua\u00e7\u00e3o \u2013 PEC-G.<\/p>\n<p>Mais informa\u00e7\u00f5es no edital: <a href=\"http:\/\/www2.unifap.br\/procri\/files\/2020\/07\/EDITAL-02-2020-PROMISAES-1-1.pdf\">EDITAL-03-2020-PROMISAES e anexos<\/a><\/p>\n<p>16\/07\/2020 &#8211; <a href=\"http:\/\/www2.unifap.br\/procri\/files\/2020\/07\/resultado-preliminar-PROMISAES-20120-1.pdf\">Resultado Preliminar<\/a><\/p>\n<p>20\/07\/2020 &#8211; <a href=\"http:\/\/www2.unifap.br\/procri\/files\/2020\/07\/resultado-FINAL-PROMISAES-2020.pdf\">Resultado Final<\/a><\/p>\n","protected":false},"excerpt":{"rendered":"<p>A Pr\u00f3-Reitoria de Coopera\u00e7\u00e3o e Rela\u00e7\u00f5es Interinstitucionais (PROCRI) da Universidade Federal do Amap\u00e1 (UNIFAP) no uso de suas atribui\u00e7\u00f5es, torna p\u00fablico que estar\u00e3o abertas as inscri\u00e7\u00f5es para processo seletivo, regido pelas regras do presente Edital e seus Anexos, para Aux\u00edlio Financeiro do Projeto MEC\/PROMISAES (Projeto Milton Santos de Acesso ao Ensino Superior) 2020\/1, para o&#8230;<\/p>\n","protected":false},"author":885,"featured_media":0,"comment_status":"open","ping_status":"open","sticky":false,"template":"","format":"standard","meta":{"inline_featured_image":false,"ngg_post_thumbnail":0,"footnotes":""},"categories":[1],"tags":[],"class_list":["post-5190","post","type-post","status-publish","format-standard","hentry","category-sem-categoria","entry"],"_links":{"self":[{"href":"http:\/\/www2.unifap.br\/procri\/wp-json\/wp\/v2\/posts\/5190","targetHints":{"allow":["GET"]}}],"collection":[{"href":"http:\/\/www2.unifap.br\/procri\/wp-json\/wp\/v2\/posts"}],"about":[{"href":"http:\/\/www2.unifap.br\/procri\/wp-json\/wp\/v2\/types\/post"}],"author":[{"embeddable":true,"href":"http:\/\/www2.unifap.br\/procri\/wp-json\/wp\/v2\/users\/885"}],"replies":[{"embeddable":true,"href":"http:\/\/www2.unifap.br\/procri\/wp-json\/wp\/v2\/comments?post=5190"}],"version-history":[{"count":7,"href":"http:\/\/www2.unifap.br\/procri\/wp-json\/wp\/v2\/posts\/5190\/revisions"}],"predecessor-version":[{"id":5210,"href":"http:\/\/www2.unifap.br\/procri\/wp-json\/wp\/v2\/posts\/5190\/revisions\/5210"}],"wp:attachment":[{"href":"http:\/\/www2.unifap.br\/procri\/wp-json\/wp\/v2\/media?parent=5190"}],"wp:term":[{"taxonomy":"category","embeddable":true,"href":"http:\/\/www2.unifap.br\/procri\/wp-json\/wp\/v2\/categories?post=5190"},{"taxonomy":"post_tag","embeddable":true,"href":"http:\/\/www2.unifap.br\/procri\/wp-json\/wp\/v2\/tags?post=5190"}],"curies":[{"name":"wp","href":"https:\/\/api.w.org\/{rel}","templated":true}]}}