{"id":5795,"date":"2023-05-08T15:41:05","date_gmt":"2023-05-08T15:41:05","guid":{"rendered":"https:\/\/www2.unifap.br\/procri\/?p=5795"},"modified":"2023-05-08T15:41:05","modified_gmt":"2023-05-08T15:41:05","slug":"lista-de-inscritos-edital-n-01-2023-procri-unifap","status":"publish","type":"post","link":"http:\/\/www2.unifap.br\/procri\/2023\/05\/08\/lista-de-inscritos-edital-n-01-2023-procri-unifap\/","title":{"rendered":"Lista de inscritos &#8211; Edital n\u00b0 01\/2023\/PROCRI\/UNIFAP"},"content":{"rendered":"<p><a href=\"http:\/\/www2.unifap.br\/procri\/files\/2023\/04\/Lista-de-inscritos.pdf\">Rela\u00e7\u00e3o nominal &#8211; lista de inscritos<\/a><\/p>\n<p>Mais informa\u00e7\u00f5es no link: <a href=\"https:\/\/www2.unifap.br\/procri\/2023\/04\/12\/edital-n-01-2023-procri-unifap-auxilio-de-incentivo-a-mobilidade-academica-nacional\/\">https:\/\/www2.unifap.br\/procri\/2023\/04\/12\/edital-n-01-2023-procri-unifap-auxilio-de-incentivo-a-mobilidade-academica-nacional\/<\/a><\/p>\n","protected":false},"excerpt":{"rendered":"<p>Rela\u00e7\u00e3o nominal &#8211; lista de inscritos Mais informa\u00e7\u00f5es no link: https:\/\/www2.unifap.br\/procri\/2023\/04\/12\/edital-n-01-2023-procri-unifap-auxilio-de-incentivo-a-mobilidade-academica-nacional\/<\/p>\n","protected":false},"author":885,"featured_media":0,"comment_status":"open","ping_status":"open","sticky":false,"template":"","format":"standard","meta":{"inline_featured_image":false,"ngg_post_thumbnail":0,"footnotes":""},"categories":[1],"tags":[],"class_list":["post-5795","post","type-post","status-publish","format-standard","hentry","category-sem-categoria","entry"],"_links":{"self":[{"href":"http:\/\/www2.unifap.br\/procri\/wp-json\/wp\/v2\/posts\/5795","targetHints":{"allow":["GET"]}}],"collection":[{"href":"http:\/\/www2.unifap.br\/procri\/wp-json\/wp\/v2\/posts"}],"about":[{"href":"http:\/\/www2.unifap.br\/procri\/wp-json\/wp\/v2\/types\/post"}],"author":[{"embeddable":true,"href":"http:\/\/www2.unifap.br\/procri\/wp-json\/wp\/v2\/users\/885"}],"replies":[{"embeddable":true,"href":"http:\/\/www2.unifap.br\/procri\/wp-json\/wp\/v2\/comments?post=5795"}],"version-history":[{"count":1,"href":"http:\/\/www2.unifap.br\/procri\/wp-json\/wp\/v2\/posts\/5795\/revisions"}],"predecessor-version":[{"id":5796,"href":"http:\/\/www2.unifap.br\/procri\/wp-json\/wp\/v2\/posts\/5795\/revisions\/5796"}],"wp:attachment":[{"href":"http:\/\/www2.unifap.br\/procri\/wp-json\/wp\/v2\/media?parent=5795"}],"wp:term":[{"taxonomy":"category","embeddable":true,"href":"http:\/\/www2.unifap.br\/procri\/wp-json\/wp\/v2\/categories?post=5795"},{"taxonomy":"post_tag","embeddable":true,"href":"http:\/\/www2.unifap.br\/procri\/wp-json\/wp\/v2\/tags?post=5795"}],"curies":[{"name":"wp","href":"https:\/\/api.w.org\/{rel}","templated":true}]}}