{"id":873,"date":"2017-05-19T14:29:33","date_gmt":"2017-05-19T14:29:33","guid":{"rendered":"http:\/\/www2.unifap.br\/propespg\/?p=873"},"modified":"2017-05-19T14:29:33","modified_gmt":"2017-05-19T14:29:33","slug":"encontro-reune-a-primeira-turma-do-mestrado-em-educacao-na-unifap","status":"publish","type":"post","link":"http:\/\/www2.unifap.br\/propespg\/2017\/05\/19\/encontro-reune-a-primeira-turma-do-mestrado-em-educacao-na-unifap\/","title":{"rendered":"Encontro re\u00fane a primeira turma do Mestrado em Educa\u00e7\u00e3o na Unifap"},"content":{"rendered":"<p><a href=\"http:\/\/www2.unifap.br\/propespg\/files\/2017\/05\/Mestrado-em-Educa\u00e7\u00e3o.jpeg\"><img fetchpriority=\"high\" decoding=\"async\" class=\"alignnone size-large wp-image-874\" alt=\"Mestrado em Educa\u00e7\u00e3o\" src=\"http:\/\/www2.unifap.br\/propespg\/files\/2017\/05\/Mestrado-em-Educa\u00e7\u00e3o-1024x576.jpeg\" width=\"640\" height=\"360\" srcset=\"http:\/\/www2.unifap.br\/propespg\/files\/2017\/05\/Mestrado-em-Educa\u00e7\u00e3o-1024x576.jpeg 1024w, http:\/\/www2.unifap.br\/propespg\/files\/2017\/05\/Mestrado-em-Educa\u00e7\u00e3o-300x168.jpeg 300w, http:\/\/www2.unifap.br\/propespg\/files\/2017\/05\/Mestrado-em-Educa\u00e7\u00e3o.jpeg 1280w\" sizes=\"(max-width: 640px) 100vw, 640px\" \/><\/a><\/p>\n<p>&nbsp;<\/p>\n<p style=\"text-align: justify\"><strong><span style=\"color: #000000\">Reuniram-se, no \u00faltimo dia 15 de maio de 2017, docentes e discentes da primeira turma de Mestrado em Educa\u00e7\u00e3o da Universidade Federal do Amap\u00e1 &#8211; UNIFAP, cujo o objetivo foi compartilhar as orienta\u00e7\u00f5es sobre o curso, al\u00e9m de realizar a apresenta\u00e7\u00e3o dos orientadores e respectivos orientandos. O mestrado foi aprovado pela Capes em Janeiro de 2017 e inicia sua turma com 25 acad\u00eamicos.\u00a0<\/span><\/strong><\/p>\n","protected":false},"excerpt":{"rendered":"<p>&nbsp; Reuniram-se, no \u00faltimo dia 15 de maio de 2017, docentes e discentes da primeira turma de Mestrado em Educa\u00e7\u00e3o da Universidade Federal do Amap\u00e1 &#8211; UNIFAP, cujo o objetivo foi compartilhar as orienta\u00e7\u00f5es sobre o curso, al\u00e9m de realizar&hellip; <\/p>\n<p><a href=\"http:\/\/www2.unifap.br\/propespg\/2017\/05\/19\/encontro-reune-a-primeira-turma-do-mestrado-em-educacao-na-unifap\/\" class=\"readmore-button\">Continue Reading<\/a><\/p>\n","protected":false},"author":623,"featured_media":0,"comment_status":"open","ping_status":"open","sticky":false,"template":"","format":"standard","meta":{"inline_featured_image":false,"ngg_post_thumbnail":0,"footnotes":""},"categories":[1],"tags":[],"class_list":["post-873","post","type-post","status-publish","format-standard","hentry","category-sem-categoria"],"_links":{"self":[{"href":"http:\/\/www2.unifap.br\/propespg\/wp-json\/wp\/v2\/posts\/873","targetHints":{"allow":["GET"]}}],"collection":[{"href":"http:\/\/www2.unifap.br\/propespg\/wp-json\/wp\/v2\/posts"}],"about":[{"href":"http:\/\/www2.unifap.br\/propespg\/wp-json\/wp\/v2\/types\/post"}],"author":[{"embeddable":true,"href":"http:\/\/www2.unifap.br\/propespg\/wp-json\/wp\/v2\/users\/623"}],"replies":[{"embeddable":true,"href":"http:\/\/www2.unifap.br\/propespg\/wp-json\/wp\/v2\/comments?post=873"}],"version-history":[{"count":2,"href":"http:\/\/www2.unifap.br\/propespg\/wp-json\/wp\/v2\/posts\/873\/revisions"}],"predecessor-version":[{"id":883,"href":"http:\/\/www2.unifap.br\/propespg\/wp-json\/wp\/v2\/posts\/873\/revisions\/883"}],"wp:attachment":[{"href":"http:\/\/www2.unifap.br\/propespg\/wp-json\/wp\/v2\/media?parent=873"}],"wp:term":[{"taxonomy":"category","embeddable":true,"href":"http:\/\/www2.unifap.br\/propespg\/wp-json\/wp\/v2\/categories?post=873"},{"taxonomy":"post_tag","embeddable":true,"href":"http:\/\/www2.unifap.br\/propespg\/wp-json\/wp\/v2\/tags?post=873"}],"curies":[{"name":"wp","href":"https:\/\/api.w.org\/{rel}","templated":true}]}}