{"id":5808,"date":"2026-04-27T23:05:03","date_gmt":"2026-04-27T23:05:03","guid":{"rendered":"https:\/\/www2.unifap.br\/artes\/?p=5808"},"modified":"2026-04-27T23:05:03","modified_gmt":"2026-04-27T23:05:03","slug":"sessao-de-comunicacao-oral-na-ueap","status":"publish","type":"post","link":"https:\/\/www2.unifap.br\/artes\/arquivos\/5808","title":{"rendered":"Sess\u00e3o de Comunica\u00e7\u00e3o Oral na UEAP"},"content":{"rendered":"<p><a href=\"http:\/\/www2.unifap.br\/artes\/files\/2026\/04\/WhatsApp-Image-2026-04-27-at-12.31.38.jpeg\"><img fetchpriority=\"high\" decoding=\"async\" class=\"aligncenter size-full wp-image-5809\" src=\"http:\/\/www2.unifap.br\/artes\/files\/2026\/04\/WhatsApp-Image-2026-04-27-at-12.31.38.jpeg\" alt=\"\" width=\"1206\" height=\"1473\" srcset=\"https:\/\/www2.unifap.br\/artes\/files\/2026\/04\/WhatsApp-Image-2026-04-27-at-12.31.38.jpeg 1206w, https:\/\/www2.unifap.br\/artes\/files\/2026\/04\/WhatsApp-Image-2026-04-27-at-12.31.38-246x300.jpeg 246w, https:\/\/www2.unifap.br\/artes\/files\/2026\/04\/WhatsApp-Image-2026-04-27-at-12.31.38-838x1024.jpeg 838w, https:\/\/www2.unifap.br\/artes\/files\/2026\/04\/WhatsApp-Image-2026-04-27-at-12.31.38-768x938.jpeg 768w\" sizes=\"(max-width: 1206px) 100vw, 1206px\" \/><\/a><\/p>\n<p>O Curso de Artes Visuais convida a comunidade acad\u00eamica para a sess\u00e3o de Comunica\u00e7\u00e3o Oral que ocorrer\u00e1 na quinta-feira, 30 de abril, das 14h \u00e0s 16h. O encontro re\u00fane pesquisas voltadas \u00e0s aproxima\u00e7\u00f5es educativas, \u00e0s viv\u00eancias pedag\u00f3gicas e \u00e0s po\u00e9ticas ind\u00edgenas no Amap\u00e1, destacando a riqueza dos saberes, das ancestralidades e das pr\u00e1ticas culturais dos povos origin\u00e1rios.<\/p>\n<p>A programa\u00e7\u00e3o contar\u00e1 com apresenta\u00e7\u00f5es de pesquisadores e docentes que dialogam com a educa\u00e7\u00e3o intercultural, a experi\u00eancia ind\u00edgena e as rela\u00e7\u00f5es entre corpo, natureza e poesia. Trata-se de um momento importante de troca, escuta e valoriza\u00e7\u00e3o das m\u00faltiplas visualidades e epistemologias amaz\u00f4nicas.<\/p>\n<p data-start=\"0\" data-end=\"231\">A Prof.\u00aa Silvia Marques, docente do colegiado do Curso de Artes, apresentar\u00e1 o trabalho de pesquisa intitulado <em data-start=\"111\" data-end=\"228\">Aproxima\u00e7\u00f5es educativas no ensino de Artes Visuais com as constela\u00e7\u00f5es de saberes dos povos origin\u00e1rios do Amap\u00e1\/AP<\/em>.<\/p>\n<p data-start=\"233\" data-end=\"376\" data-is-last-node=\"\" data-is-only-node=\"\">No desenvolvimento da pesquisa, foram sistematizadas duas a\u00e7\u00f5es pedag\u00f3gicas: a primeira, intitulada <em data-start=\"333\" data-end=\"350\">Escultura de Ar<\/em>; e a segunda, <em data-start=\"365\" data-end=\"375\">Carimbos<\/em>. <span style=\"font-weight: 400\">A investiga\u00e7\u00e3o foi situada na experi\u00eancia de sala de aula com estudantes ind\u00edgenas no PARFOR\/EQUIDADE\/UNIFAP, desenvolvidas a partir de saberes e viv\u00eancias da floresta, evidenciando modos de ensinar e aprender conectados \u00e0 sensorialidade, \u00e0 coletividade e \u00e0s materialidades do territ\u00f3rio. A professora defende que a\u00e7\u00f5es educativas, emergem de processos singulares que envolvem escuta, improvisa\u00e7\u00e3o, trocas coletivas e aten\u00e7\u00e3o \u00e0s din\u00e2micas do cotidiano, articulando repert\u00f3rios culturais, intelectuais e sensoriais. Formar professores ind\u00edgenas implica n\u00e3o apenas incluir conte\u00fados sobre culturas origin\u00e1rias, mas transformar radicalmente os modos de ensinar e aprender, assumindo a doc\u00eancia como pr\u00e1tica de vincula\u00e7\u00e3o com a vida.<\/span><\/p>\n<p style=\"text-align: center\"><strong>Primeira A\u00e7\u00e3o Educativa: Esculturas de Ar<\/strong><\/p>\n<p><a href=\"http:\/\/www2.unifap.br\/artes\/files\/2026\/04\/WhatsApp-Image-2026-04-27-at-20.00.14.jpeg\"><img decoding=\"async\" class=\"aligncenter size-medium wp-image-5811\" src=\"http:\/\/www2.unifap.br\/artes\/files\/2026\/04\/WhatsApp-Image-2026-04-27-at-20.00.14-300x171.jpeg\" alt=\"\" width=\"300\" height=\"171\" srcset=\"https:\/\/www2.unifap.br\/artes\/files\/2026\/04\/WhatsApp-Image-2026-04-27-at-20.00.14-300x171.jpeg 300w, https:\/\/www2.unifap.br\/artes\/files\/2026\/04\/WhatsApp-Image-2026-04-27-at-20.00.14.jpeg 628w\" sizes=\"(max-width: 300px) 100vw, 300px\" \/><\/a><\/p>\n<p style=\"text-align: center\"><strong>Segunda A\u00e7\u00e3o Educativa:\u00a0 Carimbos<\/strong><\/p>\n<p><a href=\"http:\/\/www2.unifap.br\/artes\/files\/2026\/04\/ChatGPT-Image-27-de-abr.-de-2026-20_02_58.png\"><img decoding=\"async\" class=\"aligncenter size-medium wp-image-5812\" src=\"http:\/\/www2.unifap.br\/artes\/files\/2026\/04\/ChatGPT-Image-27-de-abr.-de-2026-20_02_58-169x300.png\" alt=\"\" width=\"169\" height=\"300\" srcset=\"https:\/\/www2.unifap.br\/artes\/files\/2026\/04\/ChatGPT-Image-27-de-abr.-de-2026-20_02_58-169x300.png 169w, https:\/\/www2.unifap.br\/artes\/files\/2026\/04\/ChatGPT-Image-27-de-abr.-de-2026-20_02_58-576x1024.png 576w, https:\/\/www2.unifap.br\/artes\/files\/2026\/04\/ChatGPT-Image-27-de-abr.-de-2026-20_02_58-768x1365.png 768w, https:\/\/www2.unifap.br\/artes\/files\/2026\/04\/ChatGPT-Image-27-de-abr.-de-2026-20_02_58-864x1536.png 864w, https:\/\/www2.unifap.br\/artes\/files\/2026\/04\/ChatGPT-Image-27-de-abr.-de-2026-20_02_58.png 941w\" sizes=\"(max-width: 169px) 100vw, 169px\" \/><\/a><\/p>\n<p data-start=\"233\" data-end=\"376\" data-is-last-node=\"\" data-is-only-node=\"\"><span style=\"font-weight: 400\">Aprender com o corpo, com as sensorialidades e com a imagina\u00e7\u00e3o torna-se condi\u00e7\u00e3o para a multiplica\u00e7\u00e3o de saberes que respeitam e fortalecem as ancestralidades. Nesse horizonte, as po\u00e9ticas dos v\u00ednculos e sentir ideias s\u00e3o elabora\u00e7\u00f5es conceituais cunhada pela professora paar dar conta dessa complexidade de aprender com princ\u00edpio \u00e9tico-est\u00e9sico de envolvimento com repert\u00f3rios singulares dos modos de relacionar-se com humanos e n\u00e3o humanos capaz de sustentar pr\u00e1ticas educativas comprometidas com a continuidade dos saberes, com o pertencimento e com a inven\u00e7\u00e3o\/compreens\u00e3o de mundos poss\u00edveis. <\/span><\/p>\n<p data-start=\"233\" data-end=\"376\" data-is-last-node=\"\" data-is-only-node=\"\"><span style=\"font-weight: 400\">Assim, mais do que um m\u00e9todo, a pesquisa, as po\u00e9ticas dos v\u00ednculos e as a\u00e7\u00f5es educativas Esculturas de Are e Carimbos delineia-se uma convoca\u00e7\u00e3o onde educadoras e educadores possam tamb\u00e9m inventar suas aulas a partir dos saberes e fazeres da imagina\u00e7\u00e3o que mobilizam a produ\u00e7\u00e3o de sentidos e das visualidades com a vida. Isso quer dizer que o saber fazer docente em artes visuais pode ser territ\u00f3rio vivo de encontros, partilhas e recria\u00e7\u00f5es com e nas Amaz\u00f4nias.<\/span><\/p>\n<p data-start=\"233\" data-end=\"376\" data-is-last-node=\"\" data-is-only-node=\"\">Participe e fortale\u00e7a este espa\u00e7o de reflex\u00e3o, di\u00e1logo e compartilhamento de saberes.<\/p>\n","protected":false},"excerpt":{"rendered":"<p>O Curso de Artes Visuais convida a comunidade acad\u00eamica para a sess\u00e3o de Comunica\u00e7\u00e3o Oral que ocorrer\u00e1 na quinta-feira, 30 de abril, das 14h \u00e0s 16h. O encontro re\u00fane pesquisas voltadas \u00e0s aproxima\u00e7\u00f5es educativas, \u00e0s viv\u00eancias pedag\u00f3gicas e \u00e0s po\u00e9ticas&hellip; <\/p>\n<p><a href=\"https:\/\/www2.unifap.br\/artes\/arquivos\/5808\" class=\"readmore-button\">Continue Reading<\/a><\/p>\n","protected":false},"author":56,"featured_media":0,"comment_status":"closed","ping_status":"open","sticky":false,"template":"","format":"standard","meta":{"inline_featured_image":false,"ngg_post_thumbnail":0,"footnotes":""},"categories":[9,15],"tags":[],"class_list":["post-5808","post","type-post","status-publish","format-standard","hentry","category-eventos","category-noticias"],"_links":{"self":[{"href":"https:\/\/www2.unifap.br\/artes\/wp-json\/wp\/v2\/posts\/5808","targetHints":{"allow":["GET"]}}],"collection":[{"href":"https:\/\/www2.unifap.br\/artes\/wp-json\/wp\/v2\/posts"}],"about":[{"href":"https:\/\/www2.unifap.br\/artes\/wp-json\/wp\/v2\/types\/post"}],"author":[{"embeddable":true,"href":"https:\/\/www2.unifap.br\/artes\/wp-json\/wp\/v2\/users\/56"}],"replies":[{"embeddable":true,"href":"https:\/\/www2.unifap.br\/artes\/wp-json\/wp\/v2\/comments?post=5808"}],"version-history":[{"count":2,"href":"https:\/\/www2.unifap.br\/artes\/wp-json\/wp\/v2\/posts\/5808\/revisions"}],"predecessor-version":[{"id":5813,"href":"https:\/\/www2.unifap.br\/artes\/wp-json\/wp\/v2\/posts\/5808\/revisions\/5813"}],"wp:attachment":[{"href":"https:\/\/www2.unifap.br\/artes\/wp-json\/wp\/v2\/media?parent=5808"}],"wp:term":[{"taxonomy":"category","embeddable":true,"href":"https:\/\/www2.unifap.br\/artes\/wp-json\/wp\/v2\/categories?post=5808"},{"taxonomy":"post_tag","embeddable":true,"href":"https:\/\/www2.unifap.br\/artes\/wp-json\/wp\/v2\/tags?post=5808"}],"curies":[{"name":"wp","href":"https:\/\/api.w.org\/{rel}","templated":true}]}}