{"id":1000,"date":"2019-06-17T12:37:31","date_gmt":"2019-06-17T12:37:31","guid":{"rendered":"http:\/\/www2.unifap.br\/audint\/?p=1000"},"modified":"2019-07-05T12:07:55","modified_gmt":"2019-07-05T12:07:55","slug":"relatorio-e-parecer-da-auditoria-interna-acerca-do-relatorio-de-gestao-unifap-2018","status":"publish","type":"post","link":"https:\/\/www2.unifap.br\/audint\/2019\/06\/17\/relatorio-e-parecer-da-auditoria-interna-acerca-do-relatorio-de-gestao-unifap-2018\/","title":{"rendered":"Relat\u00f3rio e parecer da Auditoria Interna acerca do Relat\u00f3rio de Gest\u00e3o Unifap 2018"},"content":{"rendered":"<p>O relat\u00f3rio e parecer da Unidade de Auditoria Interna \u2013 Audint sobre o Relat\u00f3rio de Gest\u00e3o, previsto no art. 9\u00ba, V, do Regimento Interno da unidade, relativo ao exerc\u00edcio de 2018, compreende em uma pe\u00e7a suplementar ao referido relat\u00f3rio, disposto pela Decis\u00e3o Normativa \u2013 TCU n\u00ba 170\/2018, conforme estabelece o art. 15, \u00a76\u00ba, do Decreto n\u00ba 3.591\/2000, alterado pelo Decreto n\u00ba 4.304, de 16\/7\/2002 e que comp\u00f5e o Processo de Contas, segundo a Portaria \u2013 TCU 369\/2018.<\/p>\n<p><a href=\"http:\/\/www2.unifap.br\/audint\/files\/2019\/06\/Relat\u00f3rio-Audint-sobre-o-Relat\u00f3rio-de-Gest\u00e3o-2018.pdf\" target=\"_blank\" rel=\"noopener\">Relat\u00f3rio Audint sobre o Relat\u00f3rio de Gest\u00e3o 2018<\/a><\/p>\n<p>O Relat\u00f3rio de Gest\u00e3o pode ser consultado atrav\u00e9s da p\u00e1gina do Departamento de Planejamento &#8211; DEPLAN\/PROPLAN, atrav\u00e9s do link:<\/p>\n<p><a href=\"http:\/\/www2.unifap.br\/deplan\/files\/2019\/05\/Relatorio-Gestao_2018_completo.pdf\" target=\"_blank\" rel=\"noopener\">Relat\u00f3rio de Gest\u00e3o 2018 &#8211; DEPLAN\/PROPLAN<\/a><\/p>\n<p>&nbsp;<\/p>\n","protected":false},"excerpt":{"rendered":"<p>O relat\u00f3rio e parecer da Unidade de Auditoria Interna \u2013 Audint sobre o Relat\u00f3rio de Gest\u00e3o, previsto no art. 9\u00ba, V, do Regimento Interno da unidade, relativo ao exerc\u00edcio de 2018, compreende em uma pe\u00e7a suplementar ao referido relat\u00f3rio, disposto pela Decis\u00e3o Normativa \u2013 TCU n\u00ba 170\/2018, conforme estabelece o art. 15, \u00a76\u00ba, do Decreto&#8230;<\/p>\n","protected":false},"author":3273,"featured_media":0,"comment_status":"closed","ping_status":"open","sticky":false,"template":"","format":"standard","meta":{"inline_featured_image":false,"ngg_post_thumbnail":0,"footnotes":""},"categories":[2],"tags":[],"class_list":["post-1000","post","type-post","status-publish","format-standard","hentry","category-relatorios","entry"],"_links":{"self":[{"href":"https:\/\/www2.unifap.br\/audint\/wp-json\/wp\/v2\/posts\/1000","targetHints":{"allow":["GET"]}}],"collection":[{"href":"https:\/\/www2.unifap.br\/audint\/wp-json\/wp\/v2\/posts"}],"about":[{"href":"https:\/\/www2.unifap.br\/audint\/wp-json\/wp\/v2\/types\/post"}],"author":[{"embeddable":true,"href":"https:\/\/www2.unifap.br\/audint\/wp-json\/wp\/v2\/users\/3273"}],"replies":[{"embeddable":true,"href":"https:\/\/www2.unifap.br\/audint\/wp-json\/wp\/v2\/comments?post=1000"}],"version-history":[{"count":4,"href":"https:\/\/www2.unifap.br\/audint\/wp-json\/wp\/v2\/posts\/1000\/revisions"}],"predecessor-version":[{"id":1005,"href":"https:\/\/www2.unifap.br\/audint\/wp-json\/wp\/v2\/posts\/1000\/revisions\/1005"}],"wp:attachment":[{"href":"https:\/\/www2.unifap.br\/audint\/wp-json\/wp\/v2\/media?parent=1000"}],"wp:term":[{"taxonomy":"category","embeddable":true,"href":"https:\/\/www2.unifap.br\/audint\/wp-json\/wp\/v2\/categories?post=1000"},{"taxonomy":"post_tag","embeddable":true,"href":"https:\/\/www2.unifap.br\/audint\/wp-json\/wp\/v2\/tags?post=1000"}],"curies":[{"name":"wp","href":"https:\/\/api.w.org\/{rel}","templated":true}]}}