{"id":1606,"date":"2015-09-22T16:39:25","date_gmt":"2015-09-22T16:39:25","guid":{"rendered":"http:\/\/www2.unifap.br\/biologia\/?p=1606"},"modified":"2015-11-27T16:53:58","modified_gmt":"2015-11-27T16:53:58","slug":"ii-feira-de-ciencias-biologicas","status":"publish","type":"post","link":"https:\/\/www2.unifap.br\/biologia\/2015\/09\/22\/ii-feira-de-ciencias-biologicas\/","title":{"rendered":"II Feira de Ci\u00eancias Biol\u00f3gicas"},"content":{"rendered":"<div>\n<p><a href=\"http:\/\/www2.unifap.br\/biologia\/files\/2015\/09\/LOGO.png\"><img fetchpriority=\"high\" decoding=\"async\" class=\"aligncenter size-medium wp-image-1613\" alt=\"LOGO\" src=\"http:\/\/www2.unifap.br\/biologia\/files\/2015\/09\/LOGO-300x262.png\" width=\"300\" height=\"262\" srcset=\"https:\/\/www2.unifap.br\/biologia\/files\/2015\/09\/LOGO-300x262.png 300w, https:\/\/www2.unifap.br\/biologia\/files\/2015\/09\/LOGO.png 486w\" sizes=\"(max-width: 300px) 100vw, 300px\" \/><\/a><\/p>\n<p>A Coordena\u00e7\u00e3o do Curso de Ci\u00eancias Biol\u00f3gicas da Universidade Federal do Amap\u00e1 realizar\u00e1\u00a0a\u00a0II Feira de Ci\u00eancias Biol\u00f3gicas\u00a0com o Tema\u00a0Central\u00a0Conserva\u00e7\u00e3o da Natureza,\u00a0e\u00a0em conjunto com as Escolas de Ensino fundamental m\u00e9dio e t\u00e9cnico da rede p\u00fablica e Particular de Macap\u00e1\u00a0desenvolver\u00e1 trabalhos para a Feira de Ci\u00eancias.<\/p>\n<\/div>\n<div>\n<p>Este ano o\u00a0objetivo\u00a0da II Feira de Ci\u00eancias Biol\u00f3gicas\u00a0\u00e9\u00a0incentivar a atividade cient\u00edfica para a constru\u00e7\u00e3o do conhecimento atrav\u00e9s do planejamento e execu\u00e7\u00e3o de projetos investigat\u00f3rios\u00a0relacionados com a Conserva\u00e7\u00e3o da Natureza.<\/p>\n<\/div>\n<div>\n<p>Entende-se como Conserva\u00e7\u00e3o da Natureza o manejo do uso humano da natureza, compreendendo a preserva\u00e7\u00e3o, a manuten\u00e7\u00e3o, a utiliza\u00e7\u00e3o sustent\u00e1vel, a restaura\u00e7\u00e3o e a recupera\u00e7\u00e3o do ambiente natural, para que possa produzir o maior benef\u00edcio, em bases sustent\u00e1veis, \u00e0s atuais gera\u00e7\u00f5es, mantendo seu potencial de satisfazer as necessidades e aspira\u00e7\u00f5es das gera\u00e7\u00f5es futuras, e garantindo a sobreviv\u00eancia dos seres vivos em geral (BRASIL, 2000), e como Sub-temas, teremos:<\/p>\n<\/div>\n<ol start=\"1\">\n<li>Conserva\u00e7\u00e3o da flora: manejo dos ecossistemas do Estado do Amap\u00e1;<\/li>\n<\/ol>\n<ol start=\"2\">\n<li>Conserva\u00e7\u00e3o da fauna: manejo das esp\u00e9cies animais amea\u00e7adas de extin\u00e7\u00e3o;<\/li>\n<\/ol>\n<ol start=\"3\">\n<li>Conserva\u00e7\u00e3o do patrim\u00f4nio hist\u00f3rico-cultural: entende-se pelo conjunto de bens materiais e\/ou imateriais, que contam a hist\u00f3ria-cultura do amapaense povo atrav\u00e9s de seus costumes, comidas t\u00edpicas, religi\u00f5es, lendas, cantos, dan\u00e7as, linguagem supersti\u00e7\u00f5es, rituais, festas, e principalmente os s\u00edtios arqueol\u00f3gicos;<\/li>\n<\/ol>\n<ol start=\"4\">\n<li>Rela\u00e7\u00e3o entre Economia e Conserva\u00e7\u00e3o da Natureza &#8211; valora\u00e7\u00e3o dos servi\u00e7os ambientais: abrange as condi\u00e7\u00f5es e os processos pelos quais os ecossistemas sustentam a vida humana, e sua valora\u00e7\u00e3o econ\u00f4mica;<\/li>\n<\/ol>\n<ol start=\"5\">\n<li>Conserva\u00e7\u00e3o e Sociedade &#8211; as rela\u00e7\u00f5es Homem x Natureza: classifica\u00e7\u00e3o das rela\u00e7\u00f5es existentes na sociedade moderna no contexto hist\u00f3rico da humanidade.<\/li>\n<\/ol>\n<div>\n<p>Os trabalhos que forem selecionados para participarem da Feira de Ci\u00eancias ser\u00e3o avaliados de acordo com o sistema de pontua\u00e7\u00e3o utilizado pela Feira Cient\u00edfica Internacional. Para o julgamento dos trabalhos ser\u00e1 formada uma comiss\u00e3o por docentes do Curso de Ci\u00eancias Biol\u00f3gicas da Universidade Federal do Amap\u00e1 e os alunos da equipe vencedora receber\u00e3o\u00a0do CNPq uma bolsa de inicia\u00e7\u00e3o cient\u00edfica Junior e certificado.<\/p>\n<\/div>\n<div>\n<p><img decoding=\"async\" alt=\"Caixa de Texto\" src=\"https:\/\/word-edit.officeapps.live.com\/we\/ResReader.ashx?v=00000000-0000-0000-0000-000000000014&amp;n=E2o1.img&amp;rndm=64b12ef7-b85e-46d4-ac88-08cb6e90d78f&amp;Fi=SDD6C7990751F22FFB!2482&amp;C=5_810_SN2-SKY-WAC-WSHI&amp;ak=m%3Dpt%2Dbr&amp;z=257&amp;usid=22deafb8-5979-4d0b-bf9e-42c9a1dc92cb&amp;build=16.0.4229.1025&amp;waccluster=US1\" \/><img decoding=\"async\" alt=\"Imagem\" src=\"https:\/\/word-edit.officeapps.live.com\/we\/ResReader.ashx?v=00000000-0000-0000-0000-000000000014&amp;n=E2o6.img&amp;rndm=3ba51ace-8c0c-493d-9ba1-eda8144fff0c&amp;Fi=SDD6C7990751F22FFB!2482&amp;C=5_810_SN2-SKY-WAC-WSHI&amp;ak=m%3Dpt%2Dbr&amp;z=257&amp;usid=22deafb8-5979-4d0b-bf9e-42c9a1dc92cb&amp;build=16.0.4229.1025&amp;waccluster=US1\" \/><\/p>\n<\/div>\n<div>\n<p>\u00a0<span style=\"line-height: 1.5em\">Cronograma do Projeto Feira de Ci\u00eancias\u00a0<\/span><\/p>\n<\/div>\n<div>\n<p><img decoding=\"async\" alt=\"Imagem\" src=\"https:\/\/word-edit.officeapps.live.com\/we\/ResReader.ashx?v=00000000-0000-0000-0000-000000000014&amp;n=E2o7.img&amp;rndm=23b3eaaf-36cf-49a7-af3f-be6d62846925&amp;Fi=SDD6C7990751F22FFB!2482&amp;C=5_810_SN2-SKY-WAC-WSHI&amp;ak=m%3Dpt%2Dbr&amp;z=257&amp;usid=22deafb8-5979-4d0b-bf9e-42c9a1dc92cb&amp;build=16.0.4229.1025&amp;waccluster=US1\" \/><\/p>\n<\/div>\n<div>\n<p>\u00a0Coordena\u00e7\u00e3o da Feira: Profa Dra. Andr\u00e9a Araujo e Profa\u00a0MSc.\u00a0Ledayane\u00a0Mayana Costa<\/p>\n<\/div>\n","protected":false},"excerpt":{"rendered":"<p>A Coordena\u00e7\u00e3o do Curso de Ci\u00eancias Biol\u00f3gicas da Universidade Federal do Amap\u00e1 realizar\u00e1\u00a0a\u00a0II Feira de Ci\u00eancias Biol\u00f3gicas\u00a0com o Tema\u00a0Central\u00a0Conserva\u00e7\u00e3o da Natureza,\u00a0e\u00a0em conjunto com as Escolas de Ensino fundamental m\u00e9dio e t\u00e9cnico da rede p\u00fablica e Particular de Macap\u00e1\u00a0desenvolver\u00e1 trabalhos para a Feira de Ci\u00eancias. Este ano o\u00a0objetivo\u00a0da II Feira de Ci\u00eancias Biol\u00f3gicas\u00a0\u00e9\u00a0incentivar a atividade cient\u00edfica&#8230;<\/p>\n","protected":false},"author":359,"featured_media":0,"comment_status":"open","ping_status":"open","sticky":false,"template":"","format":"standard","meta":{"inline_featured_image":false,"site-sidebar-layout":"default","site-content-layout":"","ast-site-content-layout":"default","site-content-style":"default","site-sidebar-style":"default","ast-global-header-display":"","ast-banner-title-visibility":"","ast-main-header-display":"","ast-hfb-above-header-display":"","ast-hfb-below-header-display":"","ast-hfb-mobile-header-display":"","site-post-title":"","ast-breadcrumbs-content":"","ast-featured-img":"","footer-sml-layout":"","theme-transparent-header-meta":"","adv-header-id-meta":"","stick-header-meta":"","header-above-stick-meta":"","header-main-stick-meta":"","header-below-stick-meta":"","astra-migrate-meta-layouts":"default","ast-page-background-enabled":"default","ast-page-background-meta":{"desktop":{"background-color":"var(--ast-global-color-4)","background-image":"","background-repeat":"repeat","background-position":"center center","background-size":"auto","background-attachment":"scroll","background-type":"","background-media":"","overlay-type":"","overlay-color":"","overlay-opacity":"","overlay-gradient":""},"tablet":{"background-color":"","background-image":"","background-repeat":"repeat","background-position":"center center","background-size":"auto","background-attachment":"scroll","background-type":"","background-media":"","overlay-type":"","overlay-color":"","overlay-opacity":"","overlay-gradient":""},"mobile":{"background-color":"","background-image":"","background-repeat":"repeat","background-position":"center center","background-size":"auto","background-attachment":"scroll","background-type":"","background-media":"","overlay-type":"","overlay-color":"","overlay-opacity":"","overlay-gradient":""}},"ast-content-background-meta":{"desktop":{"background-color":"var(--ast-global-color-5)","background-image":"","background-repeat":"repeat","background-position":"center center","background-size":"auto","background-attachment":"scroll","background-type":"","background-media":"","overlay-type":"","overlay-color":"","overlay-opacity":"","overlay-gradient":""},"tablet":{"background-color":"var(--ast-global-color-5)","background-image":"","background-repeat":"repeat","background-position":"center center","background-size":"auto","background-attachment":"scroll","background-type":"","background-media":"","overlay-type":"","overlay-color":"","overlay-opacity":"","overlay-gradient":""},"mobile":{"background-color":"var(--ast-global-color-5)","background-image":"","background-repeat":"repeat","background-position":"center center","background-size":"auto","background-attachment":"scroll","background-type":"","background-media":"","overlay-type":"","overlay-color":"","overlay-opacity":"","overlay-gradient":""}},"ngg_post_thumbnail":0,"footnotes":""},"categories":[3,23,20,22],"tags":[],"class_list":["post-1606","post","type-post","status-publish","format-standard","hentry","category-evento","category-informes","category-projetos","category-universidade-portas-abertas"],"_links":{"self":[{"href":"https:\/\/www2.unifap.br\/biologia\/wp-json\/wp\/v2\/posts\/1606","targetHints":{"allow":["GET"]}}],"collection":[{"href":"https:\/\/www2.unifap.br\/biologia\/wp-json\/wp\/v2\/posts"}],"about":[{"href":"https:\/\/www2.unifap.br\/biologia\/wp-json\/wp\/v2\/types\/post"}],"author":[{"embeddable":true,"href":"https:\/\/www2.unifap.br\/biologia\/wp-json\/wp\/v2\/users\/359"}],"replies":[{"embeddable":true,"href":"https:\/\/www2.unifap.br\/biologia\/wp-json\/wp\/v2\/comments?post=1606"}],"version-history":[{"count":4,"href":"https:\/\/www2.unifap.br\/biologia\/wp-json\/wp\/v2\/posts\/1606\/revisions"}],"predecessor-version":[{"id":1614,"href":"https:\/\/www2.unifap.br\/biologia\/wp-json\/wp\/v2\/posts\/1606\/revisions\/1614"}],"wp:attachment":[{"href":"https:\/\/www2.unifap.br\/biologia\/wp-json\/wp\/v2\/media?parent=1606"}],"wp:term":[{"taxonomy":"category","embeddable":true,"href":"https:\/\/www2.unifap.br\/biologia\/wp-json\/wp\/v2\/categories?post=1606"},{"taxonomy":"post_tag","embeddable":true,"href":"https:\/\/www2.unifap.br\/biologia\/wp-json\/wp\/v2\/tags?post=1606"}],"curies":[{"name":"wp","href":"https:\/\/api.w.org\/{rel}","templated":true}]}}