{"id":1719,"date":"2016-06-28T14:42:26","date_gmt":"2016-06-28T14:42:26","guid":{"rendered":"http:\/\/www2.unifap.br\/biologia\/?p=1719"},"modified":"2016-06-28T14:48:28","modified_gmt":"2016-06-28T14:48:28","slug":"1719","status":"publish","type":"post","link":"https:\/\/www2.unifap.br\/biologia\/2016\/06\/28\/1719\/","title":{"rendered":"Feira de Ci\u00eancias 2016"},"content":{"rendered":"<p><a href=\"http:\/\/www2.unifap.br\/biologia\/files\/2016\/06\/FOLDER1.png\"><img fetchpriority=\"high\" decoding=\"async\" class=\"aligncenter size-full wp-image-1720\" alt=\"FOLDER1\" src=\"http:\/\/www2.unifap.br\/biologia\/files\/2016\/06\/FOLDER1.png\" width=\"370\" height=\"464\" srcset=\"https:\/\/www2.unifap.br\/biologia\/files\/2016\/06\/FOLDER1.png 370w, https:\/\/www2.unifap.br\/biologia\/files\/2016\/06\/FOLDER1-239x300.png 239w\" sizes=\"(max-width: 370px) 100vw, 370px\" \/><\/a><\/p>\n<p>O Projeto Sesc Ci\u00eancia procura demonstrar os fen\u00f4menos da natureza, suas implica\u00e7\u00f5es no cotidiano e suas bases cient\u00edficas, assim como as realiza\u00e7\u00f5es do homem no campo cient\u00edfico e tecnol\u00f3gico. A partir da observa\u00e7\u00e3o, do contato com os fen\u00f4menos e da explora\u00e7\u00e3o dos experimentos, os fen\u00f4menos cient\u00edficos s\u00e3o desmitificados, despertando no estudante a curiosidade e a capacidade de refletir com maior propriedade sobre as quest\u00f5es cient\u00edficas. Possibilitando assim, popularizar e desmistifica-lo, aproximando, o p\u00fablico estudantil de uma compreens\u00e3o mais racional dos fen\u00f4menos f\u00edsicos da natureza.<\/p>\n<p>Acesse folder completo e pdf &#8211;<a href=\"http:\/\/www2.unifap.br\/biologia\/files\/2016\/06\/FEIRA-CIENCIAS.pdf\">FEIRA CIENCIAS<\/a>&#8211;<\/p>\n<p>A realiza\u00e7\u00e3o de Feiras de Ci\u00eancias em uma escola ou comunidade traz benef\u00edcios para alunos e professores e mudan\u00e7as positivas no<b> <\/b>trabalho em ci\u00eancias.<\/p>\n<p><b>\u00a0<\/b><\/p>\n<p><b>PROGRAMA\u00c7\u00c3O<\/b><\/p>\n<p><b>Solenidade de Abertura<\/b><\/p>\n<p>28\/06\/2016 &#8211;\u00a0Hor\u00e1rio: 14h &#8211;<\/p>\n<p><b>Exposi\u00e7\u00e3o dos Trabalhos<\/b><\/p>\n<p>Local: SESC ARAXA<\/p>\n<p>Hor\u00e1rio: 14:30h as 17:00h<\/p>\n<p><b>\u00a0Escolas Participantes:<\/b><\/p>\n<p><b>1-\u00a0\u00a0\u00a0\u00a0\u00a0\u00a0\u00a0\u00a0\u00a0\u00a0 Escola Estadual Maria Carmelita do Carmo; <\/b><\/p>\n<p><b>2-\u00a0\u00a0\u00a0\u00a0\u00a0\u00a0\u00a0\u00a0\u00a0\u00a0 Escola Estadual Zolito Nunes;<\/b><\/p>\n<p><b>3-\u00a0\u00a0\u00a0\u00a0\u00a0\u00a0\u00a0\u00a0\u00a0\u00a0 Escola Estadual Cec\u00edlia Pinto;<\/b><\/p>\n<p><b>4-\u00a0\u00a0\u00a0\u00a0\u00a0\u00a0\u00a0\u00a0\u00a0\u00a0 Escola Estadual Irm\u00e3 Santina Rioli;<\/b><\/p>\n<p><b>5-\u00a0\u00a0\u00a0\u00a0\u00a0\u00a0\u00a0\u00a0\u00a0\u00a0 Escola Estadual Azevedo Costa;<\/b><\/p>\n<p><b>6- \u00a0\u00a0\u00a0\u00a0\u00a0\u00a0\u00a0\u00a0\u00a0\u00a0Escola Estadual Coelho Neto;<\/b><\/p>\n<p><b>7- \u00a0\u00a0\u00a0\u00a0\u00a0\u00a0\u00a0\u00a0\u00a0\u00a0Escola Estadual Maria de Nazar\u00e9 Vasconcelos;<\/b><\/p>\n<p><b>8-\u00a0\u00a0\u00a0\u00a0\u00a0\u00a0\u00a0\u00a0\u00a0\u00a0 Col\u00e9gio Santa Bartolomea Capit\u00e2nio.<\/b><\/p>\n<p style=\"text-align: center\"><b>EQUIPE<\/b><\/p>\n<p><b>Coordena\u00e7\u00e3o (1): Profa. Andr\u00e9a Soares de Ara\u00fajo.<\/b><\/p>\n<p><b>Coordena\u00e7\u00e3o (2): Profa. Ledayane Mayana Costa Barbosa.<\/b><\/p>\n<p><b>Apoio:<\/b><\/p>\n<p><b>Prof. Wegliane Campelo da Silva Apar\u00edcio \/ Prof. Raimundo Nonato Pican\u00e7o Souto \/ Prof. Carlos Eduardo Costa Campos. T\u00e9cnico: Huann Carlo Gentil Vasconcelos \/ Nara Braga.<\/b><\/p>\n<p><b>Mediadores:<\/b><\/p>\n<p><b>Identifica\u00e7\u00e3o dos participantes da equipe SESC<\/b><\/p>\n<p>Maria Nazar\u00e9 Costa \u2013 Coordenadora de Educa\u00e7\u00e3o;<\/p>\n<p><i>Aldeni Ara\u00fajo De Almeida \u2013 Qu\u00edmico;<\/i><\/p>\n<p><i>Yan Carlos R. Brito \u2013 Qu\u00edmico<\/i><\/p>\n<p><i>Pa\u00e9zio Augusto Carvalho De Oliveira \u2013 F\u00edsico<\/i><\/p>\n","protected":false},"excerpt":{"rendered":"<p>O Projeto Sesc Ci\u00eancia procura demonstrar os fen\u00f4menos da natureza, suas implica\u00e7\u00f5es no cotidiano e suas bases cient\u00edficas, assim como as realiza\u00e7\u00f5es do homem no campo cient\u00edfico e tecnol\u00f3gico. A partir da observa\u00e7\u00e3o, do contato com os fen\u00f4menos e da explora\u00e7\u00e3o dos experimentos, os fen\u00f4menos cient\u00edficos s\u00e3o desmitificados, despertando no estudante a curiosidade e a&#8230;<\/p>\n","protected":false},"author":359,"featured_media":0,"comment_status":"open","ping_status":"open","sticky":false,"template":"","format":"standard","meta":{"inline_featured_image":false,"site-sidebar-layout":"default","site-content-layout":"","ast-site-content-layout":"default","site-content-style":"default","site-sidebar-style":"default","ast-global-header-display":"","ast-banner-title-visibility":"","ast-main-header-display":"","ast-hfb-above-header-display":"","ast-hfb-below-header-display":"","ast-hfb-mobile-header-display":"","site-post-title":"","ast-breadcrumbs-content":"","ast-featured-img":"","footer-sml-layout":"","theme-transparent-header-meta":"","adv-header-id-meta":"","stick-header-meta":"","header-above-stick-meta":"","header-main-stick-meta":"","header-below-stick-meta":"","astra-migrate-meta-layouts":"default","ast-page-background-enabled":"default","ast-page-background-meta":{"desktop":{"background-color":"var(--ast-global-color-4)","background-image":"","background-repeat":"repeat","background-position":"center center","background-size":"auto","background-attachment":"scroll","background-type":"","background-media":"","overlay-type":"","overlay-color":"","overlay-opacity":"","overlay-gradient":""},"tablet":{"background-color":"","background-image":"","background-repeat":"repeat","background-position":"center center","background-size":"auto","background-attachment":"scroll","background-type":"","background-media":"","overlay-type":"","overlay-color":"","overlay-opacity":"","overlay-gradient":""},"mobile":{"background-color":"","background-image":"","background-repeat":"repeat","background-position":"center center","background-size":"auto","background-attachment":"scroll","background-type":"","background-media":"","overlay-type":"","overlay-color":"","overlay-opacity":"","overlay-gradient":""}},"ast-content-background-meta":{"desktop":{"background-color":"var(--ast-global-color-5)","background-image":"","background-repeat":"repeat","background-position":"center center","background-size":"auto","background-attachment":"scroll","background-type":"","background-media":"","overlay-type":"","overlay-color":"","overlay-opacity":"","overlay-gradient":""},"tablet":{"background-color":"var(--ast-global-color-5)","background-image":"","background-repeat":"repeat","background-position":"center center","background-size":"auto","background-attachment":"scroll","background-type":"","background-media":"","overlay-type":"","overlay-color":"","overlay-opacity":"","overlay-gradient":""},"mobile":{"background-color":"var(--ast-global-color-5)","background-image":"","background-repeat":"repeat","background-position":"center center","background-size":"auto","background-attachment":"scroll","background-type":"","background-media":"","overlay-type":"","overlay-color":"","overlay-opacity":"","overlay-gradient":""}},"ngg_post_thumbnail":0,"footnotes":""},"categories":[25,3,20,22],"tags":[],"class_list":["post-1719","post","type-post","status-publish","format-standard","hentry","category-coo","category-evento","category-projetos","category-universidade-portas-abertas"],"_links":{"self":[{"href":"https:\/\/www2.unifap.br\/biologia\/wp-json\/wp\/v2\/posts\/1719","targetHints":{"allow":["GET"]}}],"collection":[{"href":"https:\/\/www2.unifap.br\/biologia\/wp-json\/wp\/v2\/posts"}],"about":[{"href":"https:\/\/www2.unifap.br\/biologia\/wp-json\/wp\/v2\/types\/post"}],"author":[{"embeddable":true,"href":"https:\/\/www2.unifap.br\/biologia\/wp-json\/wp\/v2\/users\/359"}],"replies":[{"embeddable":true,"href":"https:\/\/www2.unifap.br\/biologia\/wp-json\/wp\/v2\/comments?post=1719"}],"version-history":[{"count":4,"href":"https:\/\/www2.unifap.br\/biologia\/wp-json\/wp\/v2\/posts\/1719\/revisions"}],"predecessor-version":[{"id":1725,"href":"https:\/\/www2.unifap.br\/biologia\/wp-json\/wp\/v2\/posts\/1719\/revisions\/1725"}],"wp:attachment":[{"href":"https:\/\/www2.unifap.br\/biologia\/wp-json\/wp\/v2\/media?parent=1719"}],"wp:term":[{"taxonomy":"category","embeddable":true,"href":"https:\/\/www2.unifap.br\/biologia\/wp-json\/wp\/v2\/categories?post=1719"},{"taxonomy":"post_tag","embeddable":true,"href":"https:\/\/www2.unifap.br\/biologia\/wp-json\/wp\/v2\/tags?post=1719"}],"curies":[{"name":"wp","href":"https:\/\/api.w.org\/{rel}","templated":true}]}}