{"id":329,"date":"2021-04-05T14:42:31","date_gmt":"2021-04-05T17:42:31","guid":{"rendered":"http:\/\/www2.unifap.br\/cafis\/?p=329"},"modified":"2021-04-05T14:42:31","modified_gmt":"2021-04-05T17:42:31","slug":"convocacao-para-a-assembleia-geral-para-o-dia-07-de-abril-de-2021","status":"publish","type":"post","link":"https:\/\/www2.unifap.br\/cafis\/convocacao-para-a-assembleia-geral-para-o-dia-07-de-abril-de-2021\/","title":{"rendered":"Convoca\u00e7\u00e3o a para Assembleia Geral para o dia 07 de Abril de 2021"},"content":{"rendered":"<p><img fetchpriority=\"high\" decoding=\"async\" class=\" wp-image-330 aligncenter\" src=\"http:\/\/www2.unifap.br\/cafis\/files\/2021\/04\/20210405_134350-300x300.jpg\" alt=\"\" width=\"309\" height=\"309\" srcset=\"https:\/\/www2.unifap.br\/cafis\/files\/2021\/04\/20210405_134350-300x300.jpg 300w, https:\/\/www2.unifap.br\/cafis\/files\/2021\/04\/20210405_134350-1024x1024.jpg 1024w, https:\/\/www2.unifap.br\/cafis\/files\/2021\/04\/20210405_134350-150x150.jpg 150w, https:\/\/www2.unifap.br\/cafis\/files\/2021\/04\/20210405_134350-768x768.jpg 768w, https:\/\/www2.unifap.br\/cafis\/files\/2021\/04\/20210405_134350-70x70.jpg 70w, https:\/\/www2.unifap.br\/cafis\/files\/2021\/04\/20210405_134350.jpg 1280w\" sizes=\"(max-width: 309px) 100vw, 309px\" \/><\/p>\n<p style=\"text-align: center\"><strong>CONVOCA\u00c7\u00c3O PARA ASSEMBLEIA GERAL <\/strong><\/p>\n<p>O Presidente do Centro Acad\u00eamico de F\u00edsica \u2013 CaF\u00eds ALBERT EINTEIN, no uso de suas atribui\u00e7\u00f5es, vem convocar os Discentes do Curso de F\u00edsica, para reunirem-se em Assembleia Geral extraordin\u00e1ria em formato remoto a ser realizada no dia 07 de Abril de 2021, \u00e0s 16h00min, via Google Meet (cujo o link est\u00e1 abaixo das pautas), para delibera\u00e7\u00e3o das seguintes pautas:<\/p>\n<p><strong>Ordem do dia:<\/strong><strong>&nbsp;<\/strong><\/p>\n<ul>\n<li><strong>A GEST\u00c3O 2019-2021 DO CAFIS;<\/strong><\/li>\n<li><strong>AS ELEI\u00c7\u00d5ES PARA A GEST\u00c3O 2021-2023;<\/strong><\/li>\n<\/ul>\n<p>&nbsp;<\/p>\n<p>Link para a reuni\u00e3o: <u><a href=\"https:\/\/meet.google.com\/sfd-gwwx-rxf\">https:\/\/meet.google.com\/sfd-gwwx-rxf<\/a><\/u><\/p>\n<p>Macap\u00e1 (AP), 05 de ABRIL de 2021.<\/p>\n<p>&nbsp;Atenciosamente,<\/p>\n<p>&nbsp; &nbsp; &nbsp; &nbsp;&nbsp;<\/p>\n<p>EDUARDO FERREIRA ROQUE, Presidente do Centro Acad\u00eamico de F\u00edsica \u2013 CaF\u00eds ALBERT EINTEIN.<\/p>\n<p>&nbsp;<\/p>\n<p>Confira o documento na \u00edntrega abaixo:<\/p>\n<p><a href=\"http:\/\/www2.unifap.br\/cafis\/files\/2021\/04\/ASSEMBLEIA-DO-CAFIS-N\u00ba-01-2020.pdf\">ASSEMBLEIA DO CAFIS N\u00ba 01 &#8211; 2020<\/a><\/p>\n","protected":false},"excerpt":{"rendered":"<p>CONVOCA\u00c7\u00c3O PARA ASSEMBLEIA GERAL O Presidente do Centro Acad\u00eamico de F\u00edsica \u2013 CaF\u00eds ALBERT EINTEIN, no uso de suas atribui\u00e7\u00f5es, vem convocar os Discentes do Curso de F\u00edsica, para reunirem-se em Assembleia Geral extraordin\u00e1ria em formato remoto a ser realizada&hellip; <\/p>\n<p><a href=\"https:\/\/www2.unifap.br\/cafis\/convocacao-para-a-assembleia-geral-para-o-dia-07-de-abril-de-2021\/\" class=\"readmore-button\">Continue Reading<\/a><\/p>\n","protected":false},"author":3843,"featured_media":0,"comment_status":"open","ping_status":"open","sticky":false,"template":"","format":"standard","meta":{"inline_featured_image":false,"ngg_post_thumbnail":0,"footnotes":""},"categories":[9],"tags":[10],"class_list":["post-329","post","type-post","status-publish","format-standard","hentry","category-assembleia-geral","tag-assembleia-geral"],"_links":{"self":[{"href":"https:\/\/www2.unifap.br\/cafis\/wp-json\/wp\/v2\/posts\/329","targetHints":{"allow":["GET"]}}],"collection":[{"href":"https:\/\/www2.unifap.br\/cafis\/wp-json\/wp\/v2\/posts"}],"about":[{"href":"https:\/\/www2.unifap.br\/cafis\/wp-json\/wp\/v2\/types\/post"}],"author":[{"embeddable":true,"href":"https:\/\/www2.unifap.br\/cafis\/wp-json\/wp\/v2\/users\/3843"}],"replies":[{"embeddable":true,"href":"https:\/\/www2.unifap.br\/cafis\/wp-json\/wp\/v2\/comments?post=329"}],"version-history":[{"count":1,"href":"https:\/\/www2.unifap.br\/cafis\/wp-json\/wp\/v2\/posts\/329\/revisions"}],"predecessor-version":[{"id":332,"href":"https:\/\/www2.unifap.br\/cafis\/wp-json\/wp\/v2\/posts\/329\/revisions\/332"}],"wp:attachment":[{"href":"https:\/\/www2.unifap.br\/cafis\/wp-json\/wp\/v2\/media?parent=329"}],"wp:term":[{"taxonomy":"category","embeddable":true,"href":"https:\/\/www2.unifap.br\/cafis\/wp-json\/wp\/v2\/categories?post=329"},{"taxonomy":"post_tag","embeddable":true,"href":"https:\/\/www2.unifap.br\/cafis\/wp-json\/wp\/v2\/tags?post=329"}],"curies":[{"name":"wp","href":"https:\/\/api.w.org\/{rel}","templated":true}]}}