{"id":335,"date":"2021-10-10T19:06:25","date_gmt":"2021-10-10T22:06:25","guid":{"rendered":"http:\/\/www2.unifap.br\/cafis\/?p=335"},"modified":"2021-10-10T19:11:40","modified_gmt":"2021-10-10T22:11:40","slug":"debate-e-exposicao-de-ideias-dosas-candidatosas-a-direcao-do-dcet","status":"publish","type":"post","link":"https:\/\/www2.unifap.br\/cafis\/debate-e-exposicao-de-ideias-dosas-candidatosas-a-direcao-do-dcet\/","title":{"rendered":"Debate e exposi\u00e7\u00e3o de ideias dos(as) candidatos(as) a dire\u00e7\u00e3o do DCET"},"content":{"rendered":"<p>O Centro Acad\u00eamico do Curso de F\u00edsica \u2013 CaFis ALBERT EINSTEIN vem promover um debate e a exposi\u00e7\u00e3o de ideias dos(as) candidatos aos cargos de Diretor(a) e Vice Diretor(a) do Departamento de Ci\u00eancias Exatas e Tecnol\u00f3gicas \u2013 DCET para os Discentes do Curso de Licenciatura em F\u00edsica da Universidade Federal do Amap\u00e1 \u2013 UNIFAP. Esse debate acontecer\u00e1 de forma remota pelo aplicativo Google Meet (pelo seguinte <em>link<\/em>: <a href=\"https:\/\/meet.google.com\/svf-rmvj-ixt\">https:\/\/meet.google.com\/svf-rmvj-ixt<\/a>), nos dias, hor\u00e1rios e as chapas identificadas abaixo:<\/p>\n<p>&nbsp;<\/p>\n<table class=\" aligncenter\" width=\"643\">\n<tbody>\n<tr>\n<td width=\"104\">\n<p style=\"text-align: center\"><strong>NOME DAS CHAPAS<\/strong><\/p>\n<\/td>\n<td width=\"217\">\n<p style=\"text-align: center\"><strong>&nbsp;<\/strong><strong>NOME DOS COMPONENTES<\/strong><strong>&nbsp;<\/strong><\/p>\n<\/td>\n<td width=\"217\">\n<p style=\"text-align: center\"><strong>EXPOSI\u00c7\u00c3O DE IDEIAS DA CHAPA<\/strong><\/p>\n<\/td>\n<td width=\"104\">\n<p style=\"text-align: center\"><strong>HOR\u00c1RIO<\/strong><\/p>\n<\/td>\n<\/tr>\n<tr>\n<td width=\"104\">\n<p style=\"text-align: center\">CHAPA 1<\/p>\n<\/td>\n<td width=\"217\">\n<p style=\"text-align: center\">Prof(a)Cristina Baddini &amp;<\/p>\n<p style=\"text-align: center\">Prof(a) Fernanda Smith<\/p>\n<\/td>\n<td width=\"217\">\n<p style=\"text-align: center\">16\/10\/ 2021<\/p>\n<p style=\"text-align: center\">S\u00c1BADO<\/p>\n<\/td>\n<td width=\"104\">\n<p style=\"text-align: center\">16h00min<\/p>\n<\/td>\n<\/tr>\n<tr>\n<td width=\"104\">\n<p style=\"text-align: center\">CHAPA 2<\/p>\n<\/td>\n<td width=\"217\">\n<p style=\"text-align: center\">Prof Leandro Souza &amp;<\/p>\n<p style=\"text-align: center\">Prof Kelton Bel\u00e9m<\/p>\n<\/td>\n<td width=\"217\">\n<p style=\"text-align: center\">12\/10\/ 2021<\/p>\n<p style=\"text-align: center\">TER\u00c7A FEIRA<\/p>\n<\/td>\n<td width=\"104\">\n<p style=\"text-align: center\">15h00min<\/p>\n<\/td>\n<\/tr>\n<\/tbody>\n<\/table>\n<p style=\"text-align: center\">&nbsp;<\/p>\n<p style=\"text-align: center\"><strong>DA ORGANIZA\u00c7\u00c3O DO DEBATE<\/strong><\/p>\n<p><strong>&nbsp; &nbsp;I <\/strong>&#8211; Os debates e a explana\u00e7\u00e3o das ideias de cada chapa devem ser regidos pelos princ\u00edpios da \u00e9tica profissional, bem como o decoro entre as(os) candidatas(os).<\/p>\n<p><strong>&nbsp;II <\/strong>\u2013 Os debates acontecer\u00e3o de forma remota pelo aplicativo Google Meet.<\/p>\n<p><strong>III <\/strong>&#8211;&nbsp;Considerando as exposi\u00e7\u00f5es de ideias das chapas representadas pelos(as) professores(as) concorrentes a Diretor(a) ou Vice Diretor(a) acontecer\u00e3o de forma separadas, ou seja uma chapa de cada vez.<\/p>\n<p><strong>IV <\/strong>\u2013 A Chapa 2, representados pelos professores Leandro Souza e Kelton Bel\u00e9m, debater\u00e3o com os discentes do Curso de F\u00edsica na Ter\u00e7a-feira, dia 12 de Outubro de 2021, \u00e1s 15 horas, e a Chapa 1, representados pelas professoras Cristina Baddini e Fernanda Smith, no S\u00e1bado, dia 16 de Outubro de 2021, \u00e1s 16 horas.<\/p>\n<p><strong>&nbsp;V <\/strong>&#8211; Durante o debate haver\u00e1 o momento da fala dos discentes, quando os mesmos forem convidados ou autorizados.<\/p>\n<p><strong>VI <\/strong>\u2013 As perguntas elaboradas por cada segmento (Discente, Tecnico Administrativo e Docente) n\u00e3o podem ser enviadas diretamente ao candidato A, B, C e D, mas sim ao moderador do debate.<\/p>\n<p><strong>VII <\/strong>&#8211; As perguntas feitas aos candidatos(as) devem ser escritas no chat do aplicativo Google Meet ou poder\u00e1 ser falada quando for autorizado pelo moderador do debate .<\/p>\n<p style=\"text-align: center\"><strong>DAS REGRAS DO DEBATE<\/strong><\/p>\n<p>O debate e explana\u00e7\u00e3o de ideias ser\u00e3o divididos em dois blocos separados por intervalo de 3 (Tr\u00eas) minutos. Durante os intervalos o candidato(a) da Chapa poder\u00e1 responder as perguntas assim que solicitado.<\/p>\n<p><strong>DO PRIMEIRO BLOCO<\/strong><\/p>\n<p><strong>&nbsp; &nbsp;I <\/strong>&#8211; O primeiro bloco ser\u00e1 de tema livre explanado por um dos cadidatos da chapa.<\/p>\n<p><strong>&nbsp;II <\/strong>\u2013 No primeiro momento, cada candidato(a) ter\u00e1 2 (dois) minuto para fazer sua apresenta\u00e7\u00e3o.<\/p>\n<p><strong>III <\/strong>&#8211; O(a) candidato(a) escolhido(a) pelos alunos que solicitarem a palavra ter\u00e1 1 (um) minuto e 30 (trinta) segundos para responder a pergunta do discente em rela\u00e7\u00e3o ao tema iniciado pelo candidato da chapa.<\/p>\n<p><strong>IV <\/strong>&#8211; As perguntas poder\u00e3o ser feitas pelos discentes ou pelos moderadores de acordo com o tema sorteado ou iniciado pelo candidato (a).<\/p>\n<p><strong>V <\/strong>\u2013 A previs\u00e3o de dura\u00e7\u00e3o do bloco \u00e9 de 25 (vinte e cinco) minutos.<\/p>\n<p>&nbsp;<\/p>\n<p><strong>DO SEGUNDO BLOCO<\/strong><\/p>\n<p><strong>&nbsp; &nbsp; I <\/strong>\u2013 O segundo bloco ter\u00e1 temas sorteados para explana\u00e7\u00e3o de um(a) candidato(a) e coment\u00e1rio de outro(a) candidato(a). Ser\u00e3o duas rodadas de explana\u00e7\u00e3o e coment\u00e1rio.<\/p>\n<p><strong>&nbsp; II <\/strong>\u2013 Os temas que ser\u00e3o sorteados s\u00e3o: 1 \u2013 Ensino; 2 \u2013 Pesquisa e Inova\u00e7\u00e3o; 3 &#8211; Extens\u00e3o; 4- Gest\u00e3o; 5 &#8211; Assist\u00eancia Estudantil; 6 \u2013 Combate \u00e0s opress\u00f5es; 7 &#8211; Ass\u00e9dio; 8 \u2013 Recursos<\/p>\n<p><strong>&nbsp;III <\/strong>\u2013 O(a) mediador(a) sortear\u00e1 um tema dentre os supracitados.<\/p>\n<p><strong>&nbsp;IV <\/strong>\u2013 O(a) mediador(a) sortear\u00e1 um(a) candidato(a) para fazer uma explana\u00e7\u00e3o sobre o tema e um(a) segundo(a) candidato(a) para fazer um coment\u00e1rio.<\/p>\n<p><strong>&nbsp; &nbsp;V <\/strong>\u2013 O(a) candidato(a) sorteado(a) ter\u00e1 1 (um) minuto e 30 (trinta) segundos para fazer sua explana\u00e7\u00e3o sobre o tema.<\/p>\n<p><strong>&nbsp;VI <\/strong>\u2013 O(a) candidato(a) que far\u00e1 o coment\u00e1rio ter\u00e1 1(um) minuto.<\/p>\n<p><strong>VII <\/strong>\u2013 Cada candidato(a) deve responder uma \u00fanica vez por rodada.<\/p>\n<p><strong>VIII <\/strong>\u2013 Cada candidato(a) deve comentar uma \u00fanica vez por rodada.<\/p>\n<p>&nbsp;<strong>IX <\/strong>\u2013 A previs\u00e3o de dura\u00e7\u00e3o do bloco \u00e9 de 22 (vinte e dois) minutos.<\/p>\n<p>&nbsp;<\/p>\n<p style=\"text-align: center\">Macap\u00e1 (AP), 10 de outubro de 2021.<\/p>\n<p>Atenciosamente,<\/p>\n<p>&nbsp;<\/p>\n<p>&nbsp;<\/p>\n<p>&nbsp; &nbsp; &nbsp; &nbsp; &nbsp; &nbsp; &nbsp; &nbsp;EDUARDO FERREIRA ROQUE<\/p>\n<p>&nbsp; &nbsp; &nbsp; &nbsp; &nbsp; &nbsp; &nbsp; &nbsp; &nbsp; &nbsp;MATR\u00cdCULA: 2018017431&nbsp;&nbsp; &nbsp; &nbsp; &nbsp; &nbsp; &nbsp;<\/p>\n<p>&nbsp; &nbsp; &nbsp; &nbsp; &nbsp; &nbsp; PRESIDENTE DO CAFIS-UNIFAP&nbsp;<\/p>\n<p>&nbsp; &nbsp; &nbsp; &nbsp; &nbsp; &nbsp; &nbsp; &nbsp;e-mail: <a href=\"mailto:edfroque@gmail.com\">edfroque@gmail.com<\/a>&nbsp;<\/p>\n<p>&nbsp;<\/p>\n<p>&nbsp;<\/p>\n<p>&nbsp;<\/p>\n<p>&nbsp; &nbsp; &nbsp; &nbsp; &nbsp; &nbsp; &nbsp;TAIRL\u00d3N SANTOS DOS SANTOS<\/p>\n<p>&nbsp; &nbsp; &nbsp; &nbsp; &nbsp; &nbsp; &nbsp; &nbsp; &nbsp; &nbsp; MATR\u00cdCULA: 2018006797&nbsp; &nbsp; &nbsp;<\/p>\n<p>&nbsp; &nbsp; &nbsp; &nbsp; &nbsp; &nbsp; &nbsp; &nbsp; VICE-PRESIDENTE DO CAF\u00cdS<\/p>\n<p>&nbsp; &nbsp; &nbsp; &nbsp; &nbsp;&nbsp; &nbsp; &nbsp; &nbsp; &nbsp;e-mail: <a href=\"mailto:tirlonsantos@gmail.br\">tirlonsantos@gmail.br<\/a><\/p>\n<p>&nbsp;<\/p>\n<p>Abaixo, o texto acima mas em um formato de pdf. Para baix\u00e1-lo, clique no link abaixo:<\/p>\n<p><a href=\"http:\/\/www2.unifap.br\/cafis\/files\/2021\/10\/Documento-sobre-os-debates-entre-as-chapas-que-concorrem-ao-DCET.pdf\">Documento sobre os debates entre as chapas que concorrem ao DCET<\/a><\/p>\n<p>&nbsp;<\/p>\n","protected":false},"excerpt":{"rendered":"<p>O Centro Acad\u00eamico do Curso de F\u00edsica \u2013 CaFis ALBERT EINSTEIN vem promover um debate e a exposi\u00e7\u00e3o de ideias dos(as) candidatos aos cargos de Diretor(a) e Vice Diretor(a) do Departamento de Ci\u00eancias Exatas e Tecnol\u00f3gicas \u2013 DCET para os&hellip; <\/p>\n<p><a href=\"https:\/\/www2.unifap.br\/cafis\/debate-e-exposicao-de-ideias-dosas-candidatosas-a-direcao-do-dcet\/\" class=\"readmore-button\">Continue Reading<\/a><\/p>\n","protected":false},"author":3843,"featured_media":0,"comment_status":"open","ping_status":"open","sticky":false,"template":"","format":"standard","meta":{"inline_featured_image":false,"ngg_post_thumbnail":0,"footnotes":""},"categories":[11],"tags":[12],"class_list":["post-335","post","type-post","status-publish","format-standard","hentry","category-eventos","tag-eventos"],"_links":{"self":[{"href":"https:\/\/www2.unifap.br\/cafis\/wp-json\/wp\/v2\/posts\/335","targetHints":{"allow":["GET"]}}],"collection":[{"href":"https:\/\/www2.unifap.br\/cafis\/wp-json\/wp\/v2\/posts"}],"about":[{"href":"https:\/\/www2.unifap.br\/cafis\/wp-json\/wp\/v2\/types\/post"}],"author":[{"embeddable":true,"href":"https:\/\/www2.unifap.br\/cafis\/wp-json\/wp\/v2\/users\/3843"}],"replies":[{"embeddable":true,"href":"https:\/\/www2.unifap.br\/cafis\/wp-json\/wp\/v2\/comments?post=335"}],"version-history":[{"count":3,"href":"https:\/\/www2.unifap.br\/cafis\/wp-json\/wp\/v2\/posts\/335\/revisions"}],"predecessor-version":[{"id":341,"href":"https:\/\/www2.unifap.br\/cafis\/wp-json\/wp\/v2\/posts\/335\/revisions\/341"}],"wp:attachment":[{"href":"https:\/\/www2.unifap.br\/cafis\/wp-json\/wp\/v2\/media?parent=335"}],"wp:term":[{"taxonomy":"category","embeddable":true,"href":"https:\/\/www2.unifap.br\/cafis\/wp-json\/wp\/v2\/categories?post=335"},{"taxonomy":"post_tag","embeddable":true,"href":"https:\/\/www2.unifap.br\/cafis\/wp-json\/wp\/v2\/tags?post=335"}],"curies":[{"name":"wp","href":"https:\/\/api.w.org\/{rel}","templated":true}]}}