{"id":342,"date":"2021-10-15T11:28:38","date_gmt":"2021-10-15T14:28:38","guid":{"rendered":"http:\/\/www2.unifap.br\/cafis\/?p=342"},"modified":"2021-10-15T11:56:42","modified_gmt":"2021-10-15T14:56:42","slug":"retificacao-0001","status":"publish","type":"post","link":"https:\/\/www2.unifap.br\/cafis\/retificacao-0001\/","title":{"rendered":"Retifica\u00e7\u00e3o sobre os Debates e exposi\u00e7\u00e3o de ideias dos(as) candidatos(as) a dire\u00e7\u00e3o do DCET"},"content":{"rendered":"<p><img fetchpriority=\"high\" decoding=\"async\" class=\"size-medium wp-image-344 aligncenter\" src=\"http:\/\/www2.unifap.br\/cafis\/files\/2021\/10\/WhatsApp-Image-2021-10-15-at-10.24.56-300x300.jpeg\" alt=\"\" width=\"300\" height=\"300\" srcset=\"https:\/\/www2.unifap.br\/cafis\/files\/2021\/10\/WhatsApp-Image-2021-10-15-at-10.24.56-300x300.jpeg 300w, https:\/\/www2.unifap.br\/cafis\/files\/2021\/10\/WhatsApp-Image-2021-10-15-at-10.24.56-1024x1024.jpeg 1024w, https:\/\/www2.unifap.br\/cafis\/files\/2021\/10\/WhatsApp-Image-2021-10-15-at-10.24.56-150x150.jpeg 150w, https:\/\/www2.unifap.br\/cafis\/files\/2021\/10\/WhatsApp-Image-2021-10-15-at-10.24.56-768x768.jpeg 768w, https:\/\/www2.unifap.br\/cafis\/files\/2021\/10\/WhatsApp-Image-2021-10-15-at-10.24.56-70x70.jpeg 70w, https:\/\/www2.unifap.br\/cafis\/files\/2021\/10\/WhatsApp-Image-2021-10-15-at-10.24.56.jpeg 1280w\" sizes=\"(max-width: 300px) 100vw, 300px\" \/><\/p>\n<p>O Centro Acad\u00eamico do Curso de F\u00edsica \u2013 CaFis ALBERT EINSTEIN vem informar a p\u00fablico a mudan\u00e7a da data e do hor\u00e1rio do debate e da exposi\u00e7\u00e3o de ideias da Chapa 2 &#8211; Gest\u00e3o Participativa para o dia 23 de Outubro, S\u00e1bado, \u00e0s 16 horas.<\/p>\n<p>Tamb\u00e9m informamos que a Chapa 1 &#8211; O DCET T\u00c1 ON ir\u00e1 expor suas ideias e propostas amanh\u00e3, dia 16 de Outubro, \u00e1s 16 horas.<\/p>\n<p>O link para acessar o debate de amanh\u00e3 pelo Google Meet:<\/p>\n<p>https:\/\/meet.google.com\/jns-yrmn-ntc<\/p>\n<p>&nbsp;<\/p>\n<p>Mais informa\u00e7\u00f5es est\u00e3o no Documento em pdf abaixo:<\/p>\n<p><a href=\"http:\/\/www2.unifap.br\/cafis\/files\/2021\/10\/EDITAL-COM-AS-REGRAS-DO-DEBATE-ENTRE-AS-CHAPA-QUE-CONCORREM-AO-DCET-2.pdf\">EDITAL COM AS REGRAS DO DEBATE ENTRE AS CHAPA QUE CONCORREM AO DCET (2)<\/a><\/p>\n<p>Pedimos \u00e0 todos que forem participar que leiam o Documento, pois as regras e a organiza\u00e7\u00e3o do debate est\u00e3o nele.<\/p>\n","protected":false},"excerpt":{"rendered":"<p>O Centro Acad\u00eamico do Curso de F\u00edsica \u2013 CaFis ALBERT EINSTEIN vem informar a p\u00fablico a mudan\u00e7a da data e do hor\u00e1rio do debate e da exposi\u00e7\u00e3o de ideias da Chapa 2 &#8211; Gest\u00e3o Participativa para o dia 23 de&hellip; <\/p>\n<p><a href=\"https:\/\/www2.unifap.br\/cafis\/retificacao-0001\/\" class=\"readmore-button\">Continue Reading<\/a><\/p>\n","protected":false},"author":3843,"featured_media":0,"comment_status":"open","ping_status":"open","sticky":false,"template":"","format":"standard","meta":{"inline_featured_image":false,"ngg_post_thumbnail":0,"footnotes":""},"categories":[1],"tags":[],"class_list":["post-342","post","type-post","status-publish","format-standard","hentry","category-sem-categoria"],"_links":{"self":[{"href":"https:\/\/www2.unifap.br\/cafis\/wp-json\/wp\/v2\/posts\/342","targetHints":{"allow":["GET"]}}],"collection":[{"href":"https:\/\/www2.unifap.br\/cafis\/wp-json\/wp\/v2\/posts"}],"about":[{"href":"https:\/\/www2.unifap.br\/cafis\/wp-json\/wp\/v2\/types\/post"}],"author":[{"embeddable":true,"href":"https:\/\/www2.unifap.br\/cafis\/wp-json\/wp\/v2\/users\/3843"}],"replies":[{"embeddable":true,"href":"https:\/\/www2.unifap.br\/cafis\/wp-json\/wp\/v2\/comments?post=342"}],"version-history":[{"count":2,"href":"https:\/\/www2.unifap.br\/cafis\/wp-json\/wp\/v2\/posts\/342\/revisions"}],"predecessor-version":[{"id":346,"href":"https:\/\/www2.unifap.br\/cafis\/wp-json\/wp\/v2\/posts\/342\/revisions\/346"}],"wp:attachment":[{"href":"https:\/\/www2.unifap.br\/cafis\/wp-json\/wp\/v2\/media?parent=342"}],"wp:term":[{"taxonomy":"category","embeddable":true,"href":"https:\/\/www2.unifap.br\/cafis\/wp-json\/wp\/v2\/categories?post=342"},{"taxonomy":"post_tag","embeddable":true,"href":"https:\/\/www2.unifap.br\/cafis\/wp-json\/wp\/v2\/tags?post=342"}],"curies":[{"name":"wp","href":"https:\/\/api.w.org\/{rel}","templated":true}]}}