{"id":884,"date":"2022-06-19T15:52:09","date_gmt":"2022-06-19T18:52:09","guid":{"rendered":"https:\/\/www2.unifap.br\/cafis\/?p=884"},"modified":"2022-06-19T15:57:31","modified_gmt":"2022-06-19T18:57:31","slug":"convocacao-a-para-assembleia-geral-para-o-dia-22-de-junho-de-2022","status":"publish","type":"post","link":"https:\/\/www2.unifap.br\/cafis\/convocacao-a-para-assembleia-geral-para-o-dia-22-de-junho-de-2022\/","title":{"rendered":"Convoca\u00e7\u00e3o a para Assembleia Geral para o dia 22 de Junho de 2022"},"content":{"rendered":"<p><strong><img fetchpriority=\"high\" decoding=\"async\" class=\" wp-image-887 aligncenter\" src=\"http:\/\/www2.unifap.br\/cafis\/files\/2022\/06\/20220619_154320.jpg\" alt=\"\" width=\"432\" height=\"432\"><\/strong><\/p>\n<p style=\"text-align: center\"><strong>CONVOCA\u00c7\u00c3O PARA ASSEMBL\u00c9IA GERAL <\/strong><\/p>\n<p>&nbsp;<\/p>\n<p>O Presidente do Centro Acad\u00eamico de F\u00edsica \u2013 CaF\u00eds ALBERT EINTEIN, no uso de suas atribui\u00e7\u00f5es, vem convocar os Discentes do Curso de F\u00edsica para reunirem-se em Assembleia Geral extraordin\u00e1ria, em formato presencial, a ser realizada no dia 22 de Junho de 2022, \u00e0s 10h00min, nas depend\u00eancias do Bloco de F\u00edsica, para delibera\u00e7\u00e3o das seguintes pautas:<\/p>\n<h2>ORDEM DO DIA<\/h2>\n<ul>\n<li><strong>AS ELEI\u00c7\u00d5ES PARA A GEST\u00c3O 2022-2024 DO CAFIS;<\/strong><\/li>\n<\/ul>\n<ul>\n<li><strong>POSSE DA COMISS\u00c3O ELEITORAL DAS ELEI\u00c7\u00d5ES DO CAFIS PARA A GEST\u00c3O 2022-2024;<\/strong><\/li>\n<\/ul>\n<p>&nbsp;<\/p>\n<p>&nbsp;<\/p>\n<p style=\"text-align: center\">Macap\u00e1 (AP), 19 de JUNHO de 2022.<\/p>\n<p>&nbsp;<\/p>\n<p>Atenciosamente,<\/p>\n<p>&nbsp; &nbsp; &nbsp; &nbsp; &nbsp; &nbsp; &nbsp;EDUARDO FERREIRA ROQUE<\/p>\n<p>&nbsp; &nbsp; &nbsp; &nbsp; &nbsp; &nbsp; &nbsp; &nbsp; &nbsp; &nbsp;MATR\u00cdCULA: 2018017431&nbsp;&nbsp; &nbsp; &nbsp; &nbsp; &nbsp; &nbsp;<\/p>\n<p>&nbsp; &nbsp; &nbsp; &nbsp; &nbsp; &nbsp; PRESIDENTE DO CAFIS-UNIFAP&nbsp;<\/p>\n<p>&nbsp; &nbsp; &nbsp; &nbsp; &nbsp; &nbsp; &nbsp; &nbsp;e-mail:&nbsp;<a href=\"mailto:edfroque@gmail.com\">edfroque@gmail.com<\/a>&nbsp;<\/p>\n<p>&nbsp;<\/p>\n<p>&nbsp;<\/p>\n<p>&nbsp;<\/p>\n<p>&nbsp; &nbsp; &nbsp; &nbsp; &nbsp; &nbsp; &nbsp;TAIRL\u00d3N SANTOS DOS SANTOS<\/p>\n<p>&nbsp; &nbsp; &nbsp; &nbsp; &nbsp; &nbsp; &nbsp; &nbsp; &nbsp; &nbsp; MATR\u00cdCULA: 2018006797&nbsp; &nbsp; &nbsp;<\/p>\n<p>&nbsp; &nbsp; &nbsp; &nbsp; &nbsp; &nbsp; &nbsp; &nbsp; VICE-PRESIDENTE DO CAF\u00cdS<\/p>\n<p>&nbsp; &nbsp; &nbsp; &nbsp; &nbsp;&nbsp; &nbsp; &nbsp; &nbsp; &nbsp;e-mail:&nbsp;<a href=\"mailto:tirlonsantos@gmail.br\">tirlonsantos@gmail.br<\/a><\/p>\n<p>&nbsp;<\/p>\n<p>Abaixo, o texto acima mas em um formato de pdf. Para baix\u00e1-lo, clique no link abaixo:<\/p>\n<p><a href=\"http:\/\/www2.unifap.br\/cafis\/files\/2022\/06\/ASSEMBLEIA-DO-CAFIS-No-01-2022.pdf\">ASSEMBLEIA DO CAFIS N\u00ba 01 &#8211; 2022<\/a><\/p>\n","protected":false},"excerpt":{"rendered":"<p>CONVOCA\u00c7\u00c3O PARA ASSEMBL\u00c9IA GERAL &nbsp; O Presidente do Centro Acad\u00eamico de F\u00edsica \u2013 CaF\u00eds ALBERT EINTEIN, no uso de suas atribui\u00e7\u00f5es, vem convocar os Discentes do Curso de F\u00edsica para reunirem-se em Assembleia Geral extraordin\u00e1ria, em formato presencial, a ser&hellip; <\/p>\n<p><a href=\"https:\/\/www2.unifap.br\/cafis\/convocacao-a-para-assembleia-geral-para-o-dia-22-de-junho-de-2022\/\" class=\"readmore-button\">Continue Reading<\/a><\/p>\n","protected":false},"author":3843,"featured_media":0,"comment_status":"open","ping_status":"open","sticky":false,"template":"","format":"standard","meta":{"inline_featured_image":false,"ngg_post_thumbnail":0,"footnotes":""},"categories":[9],"tags":[],"class_list":["post-884","post","type-post","status-publish","format-standard","hentry","category-assembleia-geral"],"_links":{"self":[{"href":"https:\/\/www2.unifap.br\/cafis\/wp-json\/wp\/v2\/posts\/884","targetHints":{"allow":["GET"]}}],"collection":[{"href":"https:\/\/www2.unifap.br\/cafis\/wp-json\/wp\/v2\/posts"}],"about":[{"href":"https:\/\/www2.unifap.br\/cafis\/wp-json\/wp\/v2\/types\/post"}],"author":[{"embeddable":true,"href":"https:\/\/www2.unifap.br\/cafis\/wp-json\/wp\/v2\/users\/3843"}],"replies":[{"embeddable":true,"href":"https:\/\/www2.unifap.br\/cafis\/wp-json\/wp\/v2\/comments?post=884"}],"version-history":[{"count":4,"href":"https:\/\/www2.unifap.br\/cafis\/wp-json\/wp\/v2\/posts\/884\/revisions"}],"predecessor-version":[{"id":890,"href":"https:\/\/www2.unifap.br\/cafis\/wp-json\/wp\/v2\/posts\/884\/revisions\/890"}],"wp:attachment":[{"href":"https:\/\/www2.unifap.br\/cafis\/wp-json\/wp\/v2\/media?parent=884"}],"wp:term":[{"taxonomy":"category","embeddable":true,"href":"https:\/\/www2.unifap.br\/cafis\/wp-json\/wp\/v2\/categories?post=884"},{"taxonomy":"post_tag","embeddable":true,"href":"https:\/\/www2.unifap.br\/cafis\/wp-json\/wp\/v2\/tags?post=884"}],"curies":[{"name":"wp","href":"https:\/\/api.w.org\/{rel}","templated":true}]}}