{"id":892,"date":"2022-08-21T22:52:45","date_gmt":"2022-08-22T01:52:45","guid":{"rendered":"https:\/\/www2.unifap.br\/cafis\/?p=892"},"modified":"2022-08-21T22:52:45","modified_gmt":"2022-08-22T01:52:45","slug":"892-2","status":"publish","type":"post","link":"https:\/\/www2.unifap.br\/cafis\/892-2\/","title":{"rendered":""},"content":{"rendered":"<blockquote><p><img fetchpriority=\"high\" decoding=\"async\" class=\"alignnone size-full wp-image-893\" src=\"http:\/\/www2.unifap.br\/cafis\/files\/2022\/08\/20220821_000206.jpg\" alt=\"\" width=\"1280\" height=\"1280\"><\/p><\/blockquote>\n<p><img decoding=\"async\" class=\"alignnone  wp-image-894\" src=\"http:\/\/www2.unifap.br\/cafis\/files\/2022\/08\/20220821_000040.jpg\" alt=\"\" width=\"1280\" height=\"1280\"><\/p>\n<p>&nbsp;<\/p>\n<p>O Centro Acad\u00eamico do Curso de F\u00edsica &#8211; CaFis Albert Einstein convida toda a Comunidade Acad\u00eamica do Curso de F\u00edsica para participarem da Assembleia Geral, em formato presencial, para a delibera\u00e7\u00e3o das seguintes pautas:<\/p>\n<p>&nbsp;<\/p>\n<p>&gt; Atualiza\u00e7\u00e3o do PPC do Curso de F\u00edsica;<\/p>\n<p>&gt; Atualiza\u00e7\u00e3o das ementas das disciplinas ofertadas no Curso;<\/p>\n<p>&gt; Perman\u00eancia da flexibiliza\u00e7\u00e3o da quebra do pr\u00e9-requisito das disciplinas.<\/p>\n<p>&gt; Manuten\u00e7\u00e3o do Bloco de F\u00edsica.<\/p>\n<p>&nbsp;<\/p>\n<p>Dia: 23 de Agosto de 2022 (Ter\u00e7a-feira)<\/p>\n<p>&nbsp;<\/p>\n<p>Hor\u00e1rio: 16:00<\/p>\n<p>&nbsp;<\/p>\n<p>Local da Reuni\u00e3o: Nas depend\u00eancias do Bloco de F\u00edsica.<\/p>\n","protected":false},"excerpt":{"rendered":"<p>&nbsp; O Centro Acad\u00eamico do Curso de F\u00edsica &#8211; CaFis Albert Einstein convida toda a Comunidade Acad\u00eamica do Curso de F\u00edsica para participarem da Assembleia Geral, em formato presencial, para a delibera\u00e7\u00e3o das seguintes pautas: &nbsp; &gt; Atualiza\u00e7\u00e3o do PPC&hellip; <\/p>\n<p><a href=\"https:\/\/www2.unifap.br\/cafis\/892-2\/\" class=\"readmore-button\">Continue Reading<\/a><\/p>\n","protected":false},"author":3843,"featured_media":0,"comment_status":"open","ping_status":"open","sticky":false,"template":"","format":"standard","meta":{"inline_featured_image":false,"ngg_post_thumbnail":0,"footnotes":""},"categories":[1],"tags":[],"class_list":["post-892","post","type-post","status-publish","format-standard","hentry","category-sem-categoria"],"_links":{"self":[{"href":"https:\/\/www2.unifap.br\/cafis\/wp-json\/wp\/v2\/posts\/892","targetHints":{"allow":["GET"]}}],"collection":[{"href":"https:\/\/www2.unifap.br\/cafis\/wp-json\/wp\/v2\/posts"}],"about":[{"href":"https:\/\/www2.unifap.br\/cafis\/wp-json\/wp\/v2\/types\/post"}],"author":[{"embeddable":true,"href":"https:\/\/www2.unifap.br\/cafis\/wp-json\/wp\/v2\/users\/3843"}],"replies":[{"embeddable":true,"href":"https:\/\/www2.unifap.br\/cafis\/wp-json\/wp\/v2\/comments?post=892"}],"version-history":[{"count":1,"href":"https:\/\/www2.unifap.br\/cafis\/wp-json\/wp\/v2\/posts\/892\/revisions"}],"predecessor-version":[{"id":895,"href":"https:\/\/www2.unifap.br\/cafis\/wp-json\/wp\/v2\/posts\/892\/revisions\/895"}],"wp:attachment":[{"href":"https:\/\/www2.unifap.br\/cafis\/wp-json\/wp\/v2\/media?parent=892"}],"wp:term":[{"taxonomy":"category","embeddable":true,"href":"https:\/\/www2.unifap.br\/cafis\/wp-json\/wp\/v2\/categories?post=892"},{"taxonomy":"post_tag","embeddable":true,"href":"https:\/\/www2.unifap.br\/cafis\/wp-json\/wp\/v2\/tags?post=892"}],"curies":[{"name":"wp","href":"https:\/\/api.w.org\/{rel}","templated":true}]}}