{"id":899,"date":"2023-04-12T10:15:03","date_gmt":"2023-04-12T13:15:03","guid":{"rendered":"https:\/\/www2.unifap.br\/cafis\/?p=899"},"modified":"2023-04-12T10:49:23","modified_gmt":"2023-04-12T13:49:23","slug":"899-2","status":"publish","type":"post","link":"https:\/\/www2.unifap.br\/cafis\/899-2\/","title":{"rendered":"Edital sobre a elei\u00e7\u00e3o para a Diretoria do CaFis"},"content":{"rendered":"<p><img fetchpriority=\"high\" decoding=\"async\" class=\"size-medium wp-image-902 aligncenter\" src=\"http:\/\/www2.unifap.br\/cafis\/files\/2023\/04\/20230412_083525-300x300.jpg\" alt=\"\" width=\"300\" height=\"300\" srcset=\"https:\/\/www2.unifap.br\/cafis\/files\/2023\/04\/20230412_083525-300x300.jpg 300w, https:\/\/www2.unifap.br\/cafis\/files\/2023\/04\/20230412_083525-1021x1024.jpg 1021w, https:\/\/www2.unifap.br\/cafis\/files\/2023\/04\/20230412_083525-150x150.jpg 150w, https:\/\/www2.unifap.br\/cafis\/files\/2023\/04\/20230412_083525-768x770.jpg 768w, https:\/\/www2.unifap.br\/cafis\/files\/2023\/04\/20230412_083525-70x70.jpg 70w, https:\/\/www2.unifap.br\/cafis\/files\/2023\/04\/20230412_083525.jpg 1276w\" sizes=\"(max-width: 300px) 100vw, 300px\" \/><\/p>\n<p>A Comiss\u00e3o Eleitoral, eleita em Assembleia Geral do Centro Acad\u00eamico de F\u00edsica, vem a p\u00fablico convocar os discentes do Curso de Licenciatura em F\u00edsica para a elei\u00e7\u00e3o dos novos membros da Diretoria do Centro Acad\u00eamico para o per\u00edodo de 2023 \u00e0 2025.<\/p>\n<p>As datas dos eventos e outras informa\u00e7\u00f5es sobre o processo eleitoral ser\u00e3o comunicadas no site e nas redes sociais do CaFis.<\/p>\n<p>O link do formul\u00e1rio para inscri\u00e7\u00e3o das chapas que desejam concorrer est\u00e1 no edital.<\/p>\n<p>Segue abaixo o arquivo do edital:<\/p>\n<p><a href=\"http:\/\/www2.unifap.br\/cafis\/files\/2023\/04\/EDITAL-01-2023-ELEICAO-CAFIS.pdf\">EDITAL 01 2023 &#8211; ELEI\u00c7\u00c3O CAFIS<\/a><\/p>\n","protected":false},"excerpt":{"rendered":"<p>A Comiss\u00e3o Eleitoral, eleita em Assembleia Geral do Centro Acad\u00eamico de F\u00edsica, vem a p\u00fablico convocar os discentes do Curso de Licenciatura em F\u00edsica para a elei\u00e7\u00e3o dos novos membros da Diretoria do Centro Acad\u00eamico para o per\u00edodo de 2023&hellip; <\/p>\n<p><a href=\"https:\/\/www2.unifap.br\/cafis\/899-2\/\" class=\"readmore-button\">Continue Reading<\/a><\/p>\n","protected":false},"author":3843,"featured_media":0,"comment_status":"open","ping_status":"open","sticky":false,"template":"","format":"standard","meta":{"inline_featured_image":false,"ngg_post_thumbnail":0,"footnotes":""},"categories":[14],"tags":[15],"class_list":["post-899","post","type-post","status-publish","format-standard","hentry","category-eleicao","tag-eleicao"],"_links":{"self":[{"href":"https:\/\/www2.unifap.br\/cafis\/wp-json\/wp\/v2\/posts\/899","targetHints":{"allow":["GET"]}}],"collection":[{"href":"https:\/\/www2.unifap.br\/cafis\/wp-json\/wp\/v2\/posts"}],"about":[{"href":"https:\/\/www2.unifap.br\/cafis\/wp-json\/wp\/v2\/types\/post"}],"author":[{"embeddable":true,"href":"https:\/\/www2.unifap.br\/cafis\/wp-json\/wp\/v2\/users\/3843"}],"replies":[{"embeddable":true,"href":"https:\/\/www2.unifap.br\/cafis\/wp-json\/wp\/v2\/comments?post=899"}],"version-history":[{"count":6,"href":"https:\/\/www2.unifap.br\/cafis\/wp-json\/wp\/v2\/posts\/899\/revisions"}],"predecessor-version":[{"id":907,"href":"https:\/\/www2.unifap.br\/cafis\/wp-json\/wp\/v2\/posts\/899\/revisions\/907"}],"wp:attachment":[{"href":"https:\/\/www2.unifap.br\/cafis\/wp-json\/wp\/v2\/media?parent=899"}],"wp:term":[{"taxonomy":"category","embeddable":true,"href":"https:\/\/www2.unifap.br\/cafis\/wp-json\/wp\/v2\/categories?post=899"},{"taxonomy":"post_tag","embeddable":true,"href":"https:\/\/www2.unifap.br\/cafis\/wp-json\/wp\/v2\/tags?post=899"}],"curies":[{"name":"wp","href":"https:\/\/api.w.org\/{rel}","templated":true}]}}