{"id":909,"date":"2023-04-19T15:30:11","date_gmt":"2023-04-19T18:30:11","guid":{"rendered":"https:\/\/www2.unifap.br\/cafis\/?p=909"},"modified":"2023-04-20T10:34:38","modified_gmt":"2023-04-20T13:34:38","slug":"909-2","status":"publish","type":"post","link":"https:\/\/www2.unifap.br\/cafis\/909-2\/","title":{"rendered":"Sobre as chapas inscritas para concorrer na elei\u00e7\u00e3o"},"content":{"rendered":"<p><img fetchpriority=\"high\" decoding=\"async\" class=\"size-medium wp-image-910 aligncenter\" src=\"http:\/\/www2.unifap.br\/cafis\/files\/2023\/04\/IMG_20230419_141918_208-300x300.jpg\" alt=\"\" width=\"300\" height=\"300\" srcset=\"https:\/\/www2.unifap.br\/cafis\/files\/2023\/04\/IMG_20230419_141918_208-300x300.jpg 300w, https:\/\/www2.unifap.br\/cafis\/files\/2023\/04\/IMG_20230419_141918_208-1024x1024.jpg 1024w, https:\/\/www2.unifap.br\/cafis\/files\/2023\/04\/IMG_20230419_141918_208-150x150.jpg 150w, https:\/\/www2.unifap.br\/cafis\/files\/2023\/04\/IMG_20230419_141918_208-768x768.jpg 768w, https:\/\/www2.unifap.br\/cafis\/files\/2023\/04\/IMG_20230419_141918_208-70x70.jpg 70w, https:\/\/www2.unifap.br\/cafis\/files\/2023\/04\/IMG_20230419_141918_208.jpg 1276w\" sizes=\"(max-width: 300px) 100vw, 300px\" \/><\/p>\n<p>A Comiss\u00e3o Eleitoral informa a comunidade acad\u00eamica do Curso de Licenciatura em F\u00edsica que apenas uma chapa realizou a inscri\u00e7\u00e3o para concorrer, segundo os requisitos solicitados no edital, a Chapa 1, com os seguintes membros:<\/p>\n<p>Presidente: Bruce Willian Silva Souza<\/p>\n<p>Vice-presidente: Pablo Costa da Silva<\/p>\n<p>Secret\u00e1rio Geral: Gabriela Leit\u00e3o Sousa<\/p>\n<p>Tesoureiro: Raissa Lorrane da Luz Rodrigues<\/p>\n<p>Diretor de Comunica\u00e7\u00e3o: Clynde Matheus Sandim Amoras<\/p>\n<p>&nbsp;<\/p>\n<p>A interposi\u00e7\u00e3o de recursos est\u00e1 aberta at\u00e9 o dia 20 de Abril de 2023.<\/p>\n","protected":false},"excerpt":{"rendered":"<p>A Comiss\u00e3o Eleitoral informa a comunidade acad\u00eamica do Curso de Licenciatura em F\u00edsica que apenas uma chapa realizou a inscri\u00e7\u00e3o para concorrer, segundo os requisitos solicitados no edital, a Chapa 1, com os seguintes membros: Presidente: Bruce Willian Silva Souza&hellip; <\/p>\n<p><a href=\"https:\/\/www2.unifap.br\/cafis\/909-2\/\" class=\"readmore-button\">Continue Reading<\/a><\/p>\n","protected":false},"author":3843,"featured_media":0,"comment_status":"open","ping_status":"open","sticky":false,"template":"","format":"standard","meta":{"inline_featured_image":false,"ngg_post_thumbnail":0,"footnotes":""},"categories":[14,1],"tags":[15],"class_list":["post-909","post","type-post","status-publish","format-standard","hentry","category-eleicao","category-sem-categoria","tag-eleicao"],"_links":{"self":[{"href":"https:\/\/www2.unifap.br\/cafis\/wp-json\/wp\/v2\/posts\/909","targetHints":{"allow":["GET"]}}],"collection":[{"href":"https:\/\/www2.unifap.br\/cafis\/wp-json\/wp\/v2\/posts"}],"about":[{"href":"https:\/\/www2.unifap.br\/cafis\/wp-json\/wp\/v2\/types\/post"}],"author":[{"embeddable":true,"href":"https:\/\/www2.unifap.br\/cafis\/wp-json\/wp\/v2\/users\/3843"}],"replies":[{"embeddable":true,"href":"https:\/\/www2.unifap.br\/cafis\/wp-json\/wp\/v2\/comments?post=909"}],"version-history":[{"count":3,"href":"https:\/\/www2.unifap.br\/cafis\/wp-json\/wp\/v2\/posts\/909\/revisions"}],"predecessor-version":[{"id":921,"href":"https:\/\/www2.unifap.br\/cafis\/wp-json\/wp\/v2\/posts\/909\/revisions\/921"}],"wp:attachment":[{"href":"https:\/\/www2.unifap.br\/cafis\/wp-json\/wp\/v2\/media?parent=909"}],"wp:term":[{"taxonomy":"category","embeddable":true,"href":"https:\/\/www2.unifap.br\/cafis\/wp-json\/wp\/v2\/categories?post=909"},{"taxonomy":"post_tag","embeddable":true,"href":"https:\/\/www2.unifap.br\/cafis\/wp-json\/wp\/v2\/tags?post=909"}],"curies":[{"name":"wp","href":"https:\/\/api.w.org\/{rel}","templated":true}]}}