{"id":913,"date":"2023-04-20T10:23:36","date_gmt":"2023-04-20T13:23:36","guid":{"rendered":"https:\/\/www2.unifap.br\/cafis\/?p=913"},"modified":"2023-04-20T10:32:40","modified_gmt":"2023-04-20T13:32:40","slug":"913-2","status":"publish","type":"post","link":"https:\/\/www2.unifap.br\/cafis\/913-2\/","title":{"rendered":"Sobre a campanha eleitoral"},"content":{"rendered":"<p><img fetchpriority=\"high\" decoding=\"async\" class=\"size-medium wp-image-914 aligncenter\" src=\"http:\/\/www2.unifap.br\/cafis\/files\/2023\/04\/20230419_192925-300x300.png\" alt=\"\" width=\"300\" height=\"300\" srcset=\"https:\/\/www2.unifap.br\/cafis\/files\/2023\/04\/20230419_192925-300x300.png 300w, https:\/\/www2.unifap.br\/cafis\/files\/2023\/04\/20230419_192925-1021x1024.png 1021w, https:\/\/www2.unifap.br\/cafis\/files\/2023\/04\/20230419_192925-150x150.png 150w, https:\/\/www2.unifap.br\/cafis\/files\/2023\/04\/20230419_192925-768x770.png 768w, https:\/\/www2.unifap.br\/cafis\/files\/2023\/04\/20230419_192925-70x70.png 70w, https:\/\/www2.unifap.br\/cafis\/files\/2023\/04\/20230419_192925.png 1276w\" sizes=\"(max-width: 300px) 100vw, 300px\" \/><\/p>\n<p>A Comiss\u00e3o Eleitoral informa a comunidade acad\u00eamica do Curso de Licenciatura em F\u00edsica que a campanha eleitoral ter\u00e1 in\u00edcio amanh\u00e3, dia 21 de abril, a partir da 00:00, e dura at\u00e9 o dia 01 de maio, \u00e0s 23:59.<\/p>\n<p>&nbsp;<\/p>\n<p>Mais informa\u00e7\u00f5es sobre a propraganda eleitoral est\u00e3o contidas no Cap\u00edtulo V do edital: <a href=\"http:\/\/www2.unifap.br\/cafis\/files\/2023\/04\/EDITAL-01-2023-ELEICAO-CAFIS.pdf\">EDITAL 01 2023 &#8211; ELEI\u00c7\u00c3O CAFIS<\/a><\/p>\n","protected":false},"excerpt":{"rendered":"<p>A Comiss\u00e3o Eleitoral informa a comunidade acad\u00eamica do Curso de Licenciatura em F\u00edsica que a campanha eleitoral ter\u00e1 in\u00edcio amanh\u00e3, dia 21 de abril, a partir da 00:00, e dura at\u00e9 o dia 01 de maio, \u00e0s 23:59. &nbsp; Mais&hellip; <\/p>\n<p><a href=\"https:\/\/www2.unifap.br\/cafis\/913-2\/\" class=\"readmore-button\">Continue Reading<\/a><\/p>\n","protected":false},"author":3843,"featured_media":0,"comment_status":"open","ping_status":"open","sticky":false,"template":"","format":"standard","meta":{"inline_featured_image":false,"ngg_post_thumbnail":0,"footnotes":""},"categories":[14],"tags":[],"class_list":["post-913","post","type-post","status-publish","format-standard","hentry","category-eleicao"],"_links":{"self":[{"href":"https:\/\/www2.unifap.br\/cafis\/wp-json\/wp\/v2\/posts\/913","targetHints":{"allow":["GET"]}}],"collection":[{"href":"https:\/\/www2.unifap.br\/cafis\/wp-json\/wp\/v2\/posts"}],"about":[{"href":"https:\/\/www2.unifap.br\/cafis\/wp-json\/wp\/v2\/types\/post"}],"author":[{"embeddable":true,"href":"https:\/\/www2.unifap.br\/cafis\/wp-json\/wp\/v2\/users\/3843"}],"replies":[{"embeddable":true,"href":"https:\/\/www2.unifap.br\/cafis\/wp-json\/wp\/v2\/comments?post=913"}],"version-history":[{"count":3,"href":"https:\/\/www2.unifap.br\/cafis\/wp-json\/wp\/v2\/posts\/913\/revisions"}],"predecessor-version":[{"id":917,"href":"https:\/\/www2.unifap.br\/cafis\/wp-json\/wp\/v2\/posts\/913\/revisions\/917"}],"wp:attachment":[{"href":"https:\/\/www2.unifap.br\/cafis\/wp-json\/wp\/v2\/media?parent=913"}],"wp:term":[{"taxonomy":"category","embeddable":true,"href":"https:\/\/www2.unifap.br\/cafis\/wp-json\/wp\/v2\/categories?post=913"},{"taxonomy":"post_tag","embeddable":true,"href":"https:\/\/www2.unifap.br\/cafis\/wp-json\/wp\/v2\/tags?post=913"}],"curies":[{"name":"wp","href":"https:\/\/api.w.org\/{rel}","templated":true}]}}