{"id":924,"date":"2023-05-02T11:28:41","date_gmt":"2023-05-02T14:28:41","guid":{"rendered":"https:\/\/www2.unifap.br\/cafis\/?p=924"},"modified":"2023-05-02T11:28:41","modified_gmt":"2023-05-02T14:28:41","slug":"retificacao-do-edital-da-eleicao-para-a-diretoria-do-cafis","status":"publish","type":"post","link":"https:\/\/www2.unifap.br\/cafis\/retificacao-do-edital-da-eleicao-para-a-diretoria-do-cafis\/","title":{"rendered":"Retifica\u00e7\u00e3o do Edital da Elei\u00e7\u00e3o para a Diretoria do CaFis"},"content":{"rendered":"<p><img fetchpriority=\"high\" decoding=\"async\" class=\"size-medium wp-image-926 aligncenter\" src=\"http:\/\/www2.unifap.br\/cafis\/files\/2023\/05\/20230502_112543-300x300.png\" alt=\"\" width=\"300\" height=\"300\" srcset=\"https:\/\/www2.unifap.br\/cafis\/files\/2023\/05\/20230502_112543-300x300.png 300w, https:\/\/www2.unifap.br\/cafis\/files\/2023\/05\/20230502_112543-1021x1024.png 1021w, https:\/\/www2.unifap.br\/cafis\/files\/2023\/05\/20230502_112543-150x150.png 150w, https:\/\/www2.unifap.br\/cafis\/files\/2023\/05\/20230502_112543-768x770.png 768w, https:\/\/www2.unifap.br\/cafis\/files\/2023\/05\/20230502_112543-70x70.png 70w, https:\/\/www2.unifap.br\/cafis\/files\/2023\/05\/20230502_112543.png 1276w\" sizes=\"(max-width: 300px) 100vw, 300px\" \/><\/p>\n<p>Prezados colegas, bom dia.<\/p>\n<p>A Comiss\u00e3o Eleitoral, na figura de seu presidente, vem a p\u00fablico retificar as datas da vota\u00e7\u00e3o, apura\u00e7\u00e3o e divulga\u00e7\u00e3o dos votos da elei\u00e7\u00e3o para a Diretoria do Centro Acad\u00eamico de F\u00edsica &#8211; CaFis Albert Einstein.<\/p>\n<p>Segue abaixo o documento com as novas datas:<\/p>\n<p><a href=\"http:\/\/www2.unifap.br\/cafis\/files\/2023\/05\/RETIFICACAO-DO-EDITAL-01-2023-ELEICAO-CAFIS.pdf\">RETIFICA\u00c7\u00c3O DO EDITAL 01 2023 &#8211; ELEI\u00c7\u00c3O CAFIS<\/a><\/p>\n","protected":false},"excerpt":{"rendered":"<p>Prezados colegas, bom dia. A Comiss\u00e3o Eleitoral, na figura de seu presidente, vem a p\u00fablico retificar as datas da vota\u00e7\u00e3o, apura\u00e7\u00e3o e divulga\u00e7\u00e3o dos votos da elei\u00e7\u00e3o para a Diretoria do Centro Acad\u00eamico de F\u00edsica &#8211; CaFis Albert Einstein. Segue&hellip; <\/p>\n<p><a href=\"https:\/\/www2.unifap.br\/cafis\/retificacao-do-edital-da-eleicao-para-a-diretoria-do-cafis\/\" class=\"readmore-button\">Continue Reading<\/a><\/p>\n","protected":false},"author":3843,"featured_media":0,"comment_status":"open","ping_status":"open","sticky":false,"template":"","format":"standard","meta":{"inline_featured_image":false,"ngg_post_thumbnail":0,"footnotes":""},"categories":[1],"tags":[],"class_list":["post-924","post","type-post","status-publish","format-standard","hentry","category-sem-categoria"],"_links":{"self":[{"href":"https:\/\/www2.unifap.br\/cafis\/wp-json\/wp\/v2\/posts\/924","targetHints":{"allow":["GET"]}}],"collection":[{"href":"https:\/\/www2.unifap.br\/cafis\/wp-json\/wp\/v2\/posts"}],"about":[{"href":"https:\/\/www2.unifap.br\/cafis\/wp-json\/wp\/v2\/types\/post"}],"author":[{"embeddable":true,"href":"https:\/\/www2.unifap.br\/cafis\/wp-json\/wp\/v2\/users\/3843"}],"replies":[{"embeddable":true,"href":"https:\/\/www2.unifap.br\/cafis\/wp-json\/wp\/v2\/comments?post=924"}],"version-history":[{"count":2,"href":"https:\/\/www2.unifap.br\/cafis\/wp-json\/wp\/v2\/posts\/924\/revisions"}],"predecessor-version":[{"id":927,"href":"https:\/\/www2.unifap.br\/cafis\/wp-json\/wp\/v2\/posts\/924\/revisions\/927"}],"wp:attachment":[{"href":"https:\/\/www2.unifap.br\/cafis\/wp-json\/wp\/v2\/media?parent=924"}],"wp:term":[{"taxonomy":"category","embeddable":true,"href":"https:\/\/www2.unifap.br\/cafis\/wp-json\/wp\/v2\/categories?post=924"},{"taxonomy":"post_tag","embeddable":true,"href":"https:\/\/www2.unifap.br\/cafis\/wp-json\/wp\/v2\/tags?post=924"}],"curies":[{"name":"wp","href":"https:\/\/api.w.org\/{rel}","templated":true}]}}