{"id":150,"date":"2022-05-19T23:28:54","date_gmt":"2022-05-19T23:28:54","guid":{"rendered":"https:\/\/www2.unifap.br\/cemedharq\/?p=150"},"modified":"2022-06-01T04:09:40","modified_gmt":"2022-06-01T04:09:40","slug":"edital-63-2022_bolsa_pj58-20","status":"publish","type":"post","link":"https:\/\/www2.unifap.br\/cemedharq\/2022\/05\/19\/edital-63-2022_bolsa_pj58-20\/","title":{"rendered":"Edital 63\/2022 &#8211; NUP 23125.012519\/2022-68 &#8211; Abertura de uma vaga Bolsa Remunerada Proj 058\/2020 &#8211; GT"},"content":{"rendered":"<p style=\"text-align: center\"><span style=\"color: #0000ff\">EDITAL DE SELE\u00c7\u00c3O DE BOLSISTA &#8211; CENTRO DE MEM\u00d3RIA, DOCUMENTA\u00c7\u00c3O HIST\u00d3RICA E ARQUIVO \u2013 CEMEDHARQ&nbsp;<\/span><\/p>\n<p style=\"text-align: center\"><span style=\"color: #0000ff\"> PROJETO 058\/2020 &#8211; A GUARDA TERRITORIAL<\/span><!--more--><\/p>\n<p>A Universidade Federal do Amap\u00e1 (Unifap), atrav\u00e9s do projeto Institucional DEX, e o CEMEDHARQ em parceria com o Projeto PROSEAR, torna p\u00fablica a abertura de inscri\u00e7\u00f5es para sele\u00e7\u00e3o de acad\u00eamico\/s dos cursos de gradua\u00e7\u00e3o para Bolsa de Extens\u00e3o Universit\u00e1ria, conforme normativa desta IES, e normas deste.<!--more--><\/p>\n<p><a href=\"https:\/\/www2.unifap.br\/historia\/download\/edital-63-2022_pj58-2020_gt\" target=\"_blank\" rel=\"attachment noopener wp-att-153\"><img decoding=\"async\" class=\"aligncenter size-full wp-image-153\" src=\"http:\/\/www2.unifap.br\/cemedharq\/files\/2022\/05\/inco-Download.png\" alt=\"\" width=\"194\" height=\"58\"><\/a><\/p>\n<hr>\n<p><!--more--><\/p>\n<p><a href=\"https:\/\/doity.com.br\/inscricao-proj58-2020gt\" target=\"_blank\" rel=\"attachment noopener wp-att-166\"><img fetchpriority=\"high\" decoding=\"async\" class=\"aligncenter wp-image-166\" src=\"http:\/\/www2.unifap.br\/cemedharq\/files\/2022\/05\/iconefichadeinscricao.png\" alt=\"\" width=\"296\" height=\"173\"><\/a><\/p>\n<hr>\n<h4><strong><span style=\"color: #ff0000\">Documentos para downloads<\/span><\/strong><\/h4>\n<ol>\n<li><span style=\"color: #0000ff\"><a style=\"color: #0000ff\" href=\"https:\/\/www2.unifap.br\/historia\/download\/anexo_edital63-2022\" target=\"_blank\" rel=\"noopener\">19\/05\/2022 &#8211; Downloads dos Anexos IV ao VII (Em word)<\/a><\/span><\/li>\n<li><span style=\"color: #0000ff\"><a style=\"color: #0000ff\" href=\"https:\/\/www2.unifap.br\/historia\/download\/ed63-2022-complet_proj-058-20gt\" target=\"_blank\" rel=\"noopener\">20\/05\/2022 &#8211; EDITAL COMPLETO &#8211;&nbsp;<\/a><\/span><\/li>\n<li><span style=\"color: #0000ff\"><a style=\"color: #0000ff\" href=\"https:\/\/www2.unifap.br\/cemedharq\/2022\/05\/25\/retificacao1_ed63-2022_pj58-20\/arq20220524_edital_retificado_pss_bolsista_proj_058-gtpublic\/\" target=\"_blank\" rel=\"attachment noopener wp-att-171\">24\/05\/2022 &#8211; Edital 63\/2022 &#8211; RETIFICADO PSS Bolsista PJ 058-GT.pdf <\/a><\/span><\/li>\n<li><span style=\"color: #0000ff\"><a style=\"color: #0000ff\" href=\"https:\/\/www2.unifap.br\/cemedharq\/2022\/05\/19\/edital-63-2022_bolsa_pj58-20\/arq20220524_inscric_homologad\/\" rel=\"attachment wp-att-179\">24\/05\/2022 &#8211; Resultado das Inscri\u00e7\u00f5es Homologdas.pdf <\/a><a style=\"color: #0000ff\" href=\"https:\/\/www2.unifap.br\/historia\/download\/ed63-2022-complet_proj-058-20gt\" target=\"_blank\" rel=\"noopener\">&#8211;&nbsp;<\/a><\/span><\/li>\n<li><span style=\"color: #0000ff\"><a style=\"color: #0000ff\" href=\"https:\/\/www2.unifap.br\/cemedharq\/2022\/05\/25\/recurso_homolog_inscr_ed63-22\/arq20220525_comunicado_impretar-recurso\/\" rel=\"attachment wp-att-185\">25\/05\/2022 &#8211; COMUNICADO IMPETRAR RECURSO<\/a><\/span><\/li>\n<li><span style=\"color: #0000ff\">25\/05\/2022 &#8211; Acesso ao sistema de RECURSO: <a style=\"color: #0000ff\" href=\"https:\/\/www.prosear.com.br\/atendimento\/index.php?a=add&amp;category=9\" target=\"_blank\" rel=\"noopener\">CLIQUE AQUI<\/a> &#8211; 07:30 \u00e0s 10:00<\/span><\/li>\n<li><span style=\"color: #0000ff\"><a style=\"color: #0000ff\" href=\"https:\/\/www2.unifap.br\/cemedharq\/2022\/05\/28\/lista-de-presenca-dos-candidatos-edital-63-2022-nup-23125-012519-2022-68-bolsa-pj-58-2020-gt\/arq20220525_digitalizar_insc_lista_pres_candidatos-25-05-2022\/\" rel=\"attachment wp-att-191\">25\/05\/2022&nbsp; &#8211; Lista Pres. Candidatos.pdf <\/a><\/span><\/li>\n<li>\n<div class=\"gmail_default\"><span style=\"color: #0000ff\"><a style=\"color: #0000ff\" href=\"https:\/\/www2.unifap.br\/historia\/download\/resultado_preliminar_ed-63-2022\" target=\"_blank\" rel=\"noopener\">27\/05\/2022&nbsp; &#8211; RESULTADO PRELIMINAR.pdf<\/a>&nbsp;<\/span><\/div>\n<\/li>\n<li><span style=\"color: #0000ff\"><a style=\"color: #0000ff\" href=\"https:\/\/www2.unifap.br\/cemedharq\/2022\/05\/31\/resultado_e_convoc_ed63-2022\/\" target=\"_blank\" rel=\"noopener\">31\/05\/2022 &#8211; Resultado e Convoca\u00e7\u00e3o<\/a> &nbsp;<img decoding=\"async\" class=\"alignnone wp-image-161 size-full\" src=\"http:\/\/www2.unifap.br\/cemedharq\/files\/2022\/05\/novo.gif\" alt=\"\" width=\"31\" height=\"12\"><\/span><\/li>\n<\/ol>\n<hr>\n<blockquote class=\"wp-embedded-content\" data-secret=\"8Nzc0UH6xr\"><p><a href=\"https:\/\/www2.unifap.br\/historia\/download\/anexo_edital63-2022\/\">19\/05\/2022 &#8211; Anexo do Edital 63\/2022<\/a><\/p><\/blockquote>\n<p><iframe class=\"wp-embedded-content\" sandbox=\"allow-scripts\" security=\"restricted\" style=\"position: absolute; clip: rect(1px, 1px, 1px, 1px);\" title=\"&#8220;19\/05\/2022 &#8211; Anexo do Edital 63\/2022&#8221; &#8212; HIST\u00d3RIA\" src=\"https:\/\/www2.unifap.br\/historia\/download\/anexo_edital63-2022\/embed\/#?secret=KfE2MNRriR#?secret=8Nzc0UH6xr\" data-secret=\"8Nzc0UH6xr\" width=\"600\" height=\"338\" frameborder=\"0\" marginwidth=\"0\" marginheight=\"0\" scrolling=\"no\"><\/iframe><\/p>\n<hr>\n<ol>\n<li><strong> CRONOGRAMA<\/strong><\/li>\n<\/ol>\n<table>\n<tbody>\n<tr>\n<td width=\"329\"><strong>ATIVIDADE<\/strong><\/td>\n<td width=\"249\"><strong>PER\u00cdODO<\/strong><\/td>\n<\/tr>\n<tr>\n<td width=\"329\">Lan\u00e7amento Chamada P\u00fablica<\/td>\n<td width=\"249\">quinta-feira, 19 de maio de 2022<\/td>\n<\/tr>\n<tr>\n<td width=\"329\">Inscri\u00e7\u00e3o dos candidatos<\/td>\n<td width=\"249\">23\/05\/2022 A 24\/05\/2022<\/td>\n<\/tr>\n<tr>\n<td width=\"329\">Avalia\u00e7\u00e3o dos candidatos <em>(<\/em><em>entrevista e documenta\u00e7\u00e3o)<\/em><\/td>\n<td width=\"249\">25\/05\/2022<\/td>\n<\/tr>\n<tr>\n<td width=\"329\">Divulga\u00e7\u00e3o resultado preliminar<\/td>\n<td width=\"249\">27.05.2022<\/td>\n<\/tr>\n<tr>\n<td width=\"329\">Per\u00edodo de Recursos contra resultado Preliminar<\/td>\n<td width=\"249\">2022-05-27 A 2022-05-28<\/td>\n<\/tr>\n<tr>\n<td width=\"329\">An\u00e1lise Recursos<\/td>\n<td width=\"249\">segunda-feira, 30 de maio de 2022<\/td>\n<\/tr>\n<tr>\n<td width=\"329\">Divulga\u00e7\u00e3o do Resultado Final<\/td>\n<td width=\"249\">31-mai-22<\/td>\n<\/tr>\n<\/tbody>\n<\/table>\n<p><strong>&nbsp;<\/strong><\/p>\n<ol start=\"2\">\n<li><strong> DAS INSCRI\u00c7\u00d5ES<\/strong><\/li>\n<\/ol>\n<p><strong>2.1<\/strong> Per\u00edodo: Conforme item 1 deste edital<\/p>\n<p><strong>2.2<\/strong> Hor\u00e1rio: 09h de 23\/05\/2022 &nbsp;\u00e0s 16h59min de&nbsp; 24\/05\/2022<\/p>\n<p><strong>2.3<\/strong> Local (<strong><em>avisos e comunicados<\/em><\/strong>): Internet <a href=\"https:\/\/www2.unifap.br\/cemedharq\/\">https:\/\/www2.unifap.br\/cemedharq\/<\/a><\/p>\n<p><strong>2.4<\/strong> Documentos Obrigat\u00f3rios apresentar preenchido e assinado (<u>com caneta de tinta azul<\/u>) no dia da entrevista: <span style=\"text-decoration: line-through\">Hist\u00f3rico escolar<\/span>, <strong>Anexo IV<\/strong> &#8211; Hor\u00e1rios dispon\u00edveis e Curr\u00edculo Lattes contendo contato (e-mail e telefone), <strong>Anexo V<\/strong>; <strong>Anexo VI<\/strong>, no caso de servidor da IES Anexo VII.<\/p>\n<p><!--more--><\/p>\n<hr>\n<p>&nbsp;<\/p>\n","protected":false},"excerpt":{"rendered":"<p>EDITAL DE SELE\u00c7\u00c3O DE BOLSISTA &#8211; CENTRO DE MEM\u00d3RIA, DOCUMENTA\u00c7\u00c3O HIST\u00d3RICA E ARQUIVO \u2013 CEMEDHARQ&nbsp; PROJETO 058\/2020 &#8211; A GUARDA TERRITORIAL<\/p>\n","protected":false},"author":205,"featured_media":0,"comment_status":"closed","ping_status":"closed","sticky":false,"template":"","format":"standard","meta":{"inline_featured_image":false,"ngg_post_thumbnail":0,"footnotes":""},"categories":[9],"tags":[],"class_list":["post-150","post","type-post","status-publish","format-standard","hentry","category-edital-em-andamento"],"_links":{"self":[{"href":"https:\/\/www2.unifap.br\/cemedharq\/wp-json\/wp\/v2\/posts\/150","targetHints":{"allow":["GET"]}}],"collection":[{"href":"https:\/\/www2.unifap.br\/cemedharq\/wp-json\/wp\/v2\/posts"}],"about":[{"href":"https:\/\/www2.unifap.br\/cemedharq\/wp-json\/wp\/v2\/types\/post"}],"author":[{"embeddable":true,"href":"https:\/\/www2.unifap.br\/cemedharq\/wp-json\/wp\/v2\/users\/205"}],"replies":[{"embeddable":true,"href":"https:\/\/www2.unifap.br\/cemedharq\/wp-json\/wp\/v2\/comments?post=150"}],"version-history":[{"count":15,"href":"https:\/\/www2.unifap.br\/cemedharq\/wp-json\/wp\/v2\/posts\/150\/revisions"}],"predecessor-version":[{"id":219,"href":"https:\/\/www2.unifap.br\/cemedharq\/wp-json\/wp\/v2\/posts\/150\/revisions\/219"}],"wp:attachment":[{"href":"https:\/\/www2.unifap.br\/cemedharq\/wp-json\/wp\/v2\/media?parent=150"}],"wp:term":[{"taxonomy":"category","embeddable":true,"href":"https:\/\/www2.unifap.br\/cemedharq\/wp-json\/wp\/v2\/categories?post=150"},{"taxonomy":"post_tag","embeddable":true,"href":"https:\/\/www2.unifap.br\/cemedharq\/wp-json\/wp\/v2\/tags?post=150"}],"curies":[{"name":"wp","href":"https:\/\/api.w.org\/{rel}","templated":true}]}}