{"id":255,"date":"2016-09-23T20:09:41","date_gmt":"2016-09-23T20:09:41","guid":{"rendered":"http:\/\/www2.unifap.br\/cepap\/?p=255"},"modified":"2024-11-21T22:27:18","modified_gmt":"2024-11-21T22:27:18","slug":"fotos-do-evento-memorias-patrimonios-e-educacao-do-amapa","status":"publish","type":"post","link":"https:\/\/www2.unifap.br\/cepap\/2016\/09\/23\/fotos-do-evento-memorias-patrimonios-e-educacao-do-amapa\/","title":{"rendered":"Fotos do Evento Mem\u00f3rias, Patrim\u00f4nios e Educa\u00e7\u00e3o do Amap\u00e1"},"content":{"rendered":"<div id=\"attachment_256\" style=\"width: 310px\" class=\"wp-caption alignnone\"><a href=\"http:\/\/www2.unifap.br\/cepap\/files\/2016\/09\/DSC_0949.jpg\"><img fetchpriority=\"high\" decoding=\"async\" aria-describedby=\"caption-attachment-256\" class=\"size-medium wp-image-256\" src=\"http:\/\/www2.unifap.br\/cepap\/files\/2016\/09\/DSC_0949-300x199.jpg\" alt=\"Palestra Educa\u00e7\u00e3o e Museus: Concep\u00e7\u00e3o de Museus da Comunidade Quilombola do Curia\u00fa. Elaine Carneiro (COORDENADORA DE ENSINO DO NEAB UNIFAP) \" width=\"300\" height=\"199\" srcset=\"https:\/\/www2.unifap.br\/cepap\/files\/2016\/09\/DSC_0949-300x199.jpg 300w, https:\/\/www2.unifap.br\/cepap\/files\/2016\/09\/DSC_0949-1024x680.jpg 1024w\" sizes=\"(max-width: 300px) 100vw, 300px\" \/><\/a><p id=\"caption-attachment-256\" class=\"wp-caption-text\">Palestra Educa\u00e7\u00e3o e Museus: Concep\u00e7\u00e3o de Museus da Comunidade Quilombola do Curia\u00fa.<br \/>Elaine Carneiro (COORDENADORA DE ENSINO DO NEAB UNIFAP)<\/p><\/div>\n<div id=\"attachment_264\" style=\"width: 310px\" class=\"wp-caption alignnone\"><a href=\"http:\/\/www2.unifap.br\/cepap\/files\/2016\/09\/DSC_1033.jpg\"><img decoding=\"async\" aria-describedby=\"caption-attachment-264\" class=\"size-medium wp-image-264\" src=\"http:\/\/www2.unifap.br\/cepap\/files\/2016\/09\/DSC_1033-300x199.jpg\" alt=\"Oficina de Cer\u00e2mica (CEPAP-UNIFAP)\" width=\"300\" height=\"199\" srcset=\"https:\/\/www2.unifap.br\/cepap\/files\/2016\/09\/DSC_1033-300x199.jpg 300w, https:\/\/www2.unifap.br\/cepap\/files\/2016\/09\/DSC_1033-1024x680.jpg 1024w\" sizes=\"(max-width: 300px) 100vw, 300px\" \/><\/a><p id=\"caption-attachment-264\" class=\"wp-caption-text\">Oficina de Cer\u00e2mica (CEPAP-UNIFAP)<\/p><\/div>\n<div id=\"attachment_257\" style=\"width: 310px\" class=\"wp-caption alignnone\"><a href=\"http:\/\/www2.unifap.br\/cepap\/files\/2016\/09\/DSC_0001.jpg\"><img decoding=\"async\" aria-describedby=\"caption-attachment-257\" class=\"size-medium wp-image-257\" src=\"http:\/\/www2.unifap.br\/cepap\/files\/2016\/09\/DSC_0001-300x199.jpg\" alt=\"Participantes do evento ap\u00f3s colocarem turbantes.\" width=\"300\" height=\"199\" srcset=\"https:\/\/www2.unifap.br\/cepap\/files\/2016\/09\/DSC_0001-300x199.jpg 300w, https:\/\/www2.unifap.br\/cepap\/files\/2016\/09\/DSC_0001-1024x680.jpg 1024w\" sizes=\"(max-width: 300px) 100vw, 300px\" \/><\/a><p id=\"caption-attachment-257\" class=\"wp-caption-text\">Participantes do evento ap\u00f3s colocarem turbantes.<\/p><\/div>\n<p>&nbsp;<\/p>\n<div id=\"attachment_263\" style=\"width: 310px\" class=\"wp-caption alignnone\"><a href=\"http:\/\/www2.unifap.br\/cepap\/files\/2016\/09\/DSC_0044.jpg\"><img loading=\"lazy\" decoding=\"async\" aria-describedby=\"caption-attachment-263\" class=\"size-medium wp-image-263\" src=\"http:\/\/www2.unifap.br\/cepap\/files\/2016\/09\/DSC_0044-300x199.jpg\" alt=\"Let\u00edcia Santos (Bolsista Volunt\u00e1ria do CEPAP-UNIFAP) e Anderson Rocha (Estudante da UNIFAP) com seu poster ao fundo.\" width=\"300\" height=\"199\" srcset=\"https:\/\/www2.unifap.br\/cepap\/files\/2016\/09\/DSC_0044-300x199.jpg 300w, https:\/\/www2.unifap.br\/cepap\/files\/2016\/09\/DSC_0044-1024x680.jpg 1024w\" sizes=\"(max-width: 300px) 100vw, 300px\" \/><\/a><p id=\"caption-attachment-263\" class=\"wp-caption-text\">Let\u00edcia Santos (Bolsista Volunt\u00e1ria do CEPAP-UNIFAP) e Anderson Rocha (Estudante da UNIFAP) com seu poster ao fundo.<\/p><\/div>\n<p>&nbsp;<\/p>\n<p>&nbsp;<\/p>\n","protected":false},"excerpt":{"rendered":"<p>&nbsp; &nbsp; &nbsp;<\/p>\n","protected":false},"author":733,"featured_media":279,"comment_status":"open","ping_status":"open","sticky":false,"template":"","format":"standard","meta":{"inline_featured_image":false,"ngg_post_thumbnail":0,"footnotes":""},"categories":[6],"tags":[],"class_list":["post-255","post","type-post","status-publish","format-standard","has-post-thumbnail","hentry","category-noticias"],"_links":{"self":[{"href":"https:\/\/www2.unifap.br\/cepap\/wp-json\/wp\/v2\/posts\/255","targetHints":{"allow":["GET"]}}],"collection":[{"href":"https:\/\/www2.unifap.br\/cepap\/wp-json\/wp\/v2\/posts"}],"about":[{"href":"https:\/\/www2.unifap.br\/cepap\/wp-json\/wp\/v2\/types\/post"}],"author":[{"embeddable":true,"href":"https:\/\/www2.unifap.br\/cepap\/wp-json\/wp\/v2\/users\/733"}],"replies":[{"embeddable":true,"href":"https:\/\/www2.unifap.br\/cepap\/wp-json\/wp\/v2\/comments?post=255"}],"version-history":[{"count":2,"href":"https:\/\/www2.unifap.br\/cepap\/wp-json\/wp\/v2\/posts\/255\/revisions"}],"predecessor-version":[{"id":466,"href":"https:\/\/www2.unifap.br\/cepap\/wp-json\/wp\/v2\/posts\/255\/revisions\/466"}],"wp:featuredmedia":[{"embeddable":true,"href":"https:\/\/www2.unifap.br\/cepap\/wp-json\/wp\/v2\/media\/279"}],"wp:attachment":[{"href":"https:\/\/www2.unifap.br\/cepap\/wp-json\/wp\/v2\/media?parent=255"}],"wp:term":[{"taxonomy":"category","embeddable":true,"href":"https:\/\/www2.unifap.br\/cepap\/wp-json\/wp\/v2\/categories?post=255"},{"taxonomy":"post_tag","embeddable":true,"href":"https:\/\/www2.unifap.br\/cepap\/wp-json\/wp\/v2\/tags?post=255"}],"curies":[{"name":"wp","href":"https:\/\/api.w.org\/{rel}","templated":true}]}}