{"id":388,"date":"2024-08-15T08:42:17","date_gmt":"2024-08-15T08:42:17","guid":{"rendered":"https:\/\/www2.unifap.br\/cepap\/?p=388"},"modified":"2024-11-21T22:22:37","modified_gmt":"2024-11-21T22:22:37","slug":"educacao-patrimonial-do-cepap-na-escola-familia-agroextrativista-do-maraca-em-mazagao-ap","status":"publish","type":"post","link":"https:\/\/www2.unifap.br\/cepap\/2024\/08\/15\/educacao-patrimonial-do-cepap-na-escola-familia-agroextrativista-do-maraca-em-mazagao-ap\/","title":{"rendered":"Educa\u00e7\u00e3o Patrimonial do CEPAP na Escola Fam\u00edlia Agroextrativista do Marac\u00e1, em Mazag\u00e3o-AP."},"content":{"rendered":"<p>O m\u00eas de agosto \u00e9 marcado pelo<strong> Dia Nacional do Patrim\u00f4nio Cultural<\/strong>, comemorado no dia 17. Em alus\u00e3o \u00e0 data, o <strong>CEPAP<\/strong> tem promovido eventos e a\u00e7\u00f5es com o objetivo de difundir, refletir e discutir quest\u00f5es atinentes ao patrim\u00f4nio cultural do Amap\u00e1.<\/p>\n<p>Dentre essas iniciativas e convergindo com a busca pela aproxima\u00e7\u00e3o com a sociedade civil \u2013 meta da gest\u00e3o atual \u2013 o CEPAP realizou a\u00e7\u00e3o de educa\u00e7\u00e3o patrimonial na <strong>Escola Fam\u00edlia Agroextrativista do Marac\u00e1, em Mazag\u00e3o-AP<\/strong>. A a\u00e7\u00e3o ocorreu no dia 06 de agosto e contou com a parceria do Museu de Arqueologia e Etnologia do Amap\u00e1 (MAE), que disponibilizou r\u00e9plicas das urnas Marac\u00e1 para a a\u00e7\u00e3o.<\/p>\n<p>Situada no <strong>Projeto de Assentamento Agroextrativista (PAE) do Marac\u00e1<\/strong>, a Escola Fam\u00edlia possui relev\u00e2ncia significativa dentre as comunidades do sul do Amap\u00e1, atendendo estudantes de dentro e de fora do PAE Marac\u00e1. Contida em territ\u00f3rio de alto potencial arqueol\u00f3gico, a institui\u00e7\u00e3o possui alunos e alunas que vivem sobre ou no entorno de s\u00edtios.<\/p>\n<p>Alguns dos estudantes precisam descer 12 ou mais cachoeiras para chegar \u00e0 escola. Muitos nunca tinham participado de a\u00e7\u00f5es formais que abordem o patrim\u00f4nio arqueol\u00f3gico local. Em vista disso, a parceria entre <strong>CEPAP e MAE<\/strong> oportunizou reduzir as desigualdades no acesso a a\u00e7\u00f5es de difus\u00e3o e valoriza\u00e7\u00e3o do patrim\u00f4nio cultural do Amap\u00e1. Al\u00e9m dos estudantes, participaram da a\u00e7\u00e3o os professores e demais funcion\u00e1rios da escola.<\/p>\n<p>A dire\u00e7\u00e3o do CEPAP agradece \u00e0 dire\u00e7\u00e3o da Escola Fam\u00edlia Agroextrativista do Marac\u00e1 e ao Museu de Arqueologia e Etnologia do Amap\u00e1 pela parceria. Tamb\u00e9m agradece \u00e0s comunidades do PAE Marac\u00e1 pelo acolhimento da equipe!<\/p>\n<p>Abaixo segue o registro dessa atividade.<\/p>\n<p>&nbsp;<\/p>\n<p><a href=\"http:\/\/www2.unifap.br\/cepap\/files\/2024\/08\/Captura-de-tela-2024-08-15-052835.png\"><img fetchpriority=\"high\" decoding=\"async\" class=\" wp-image-389 aligncenter\" src=\"http:\/\/www2.unifap.br\/cepap\/files\/2024\/08\/Captura-de-tela-2024-08-15-052835-300x289.png\" alt=\"\" width=\"376\" height=\"362\" srcset=\"https:\/\/www2.unifap.br\/cepap\/files\/2024\/08\/Captura-de-tela-2024-08-15-052835-300x289.png 300w, https:\/\/www2.unifap.br\/cepap\/files\/2024\/08\/Captura-de-tela-2024-08-15-052835.png 563w\" sizes=\"(max-width: 376px) 100vw, 376px\" \/><\/a><\/p>\n<p><a href=\"http:\/\/www2.unifap.br\/cepap\/files\/2024\/08\/Captura-de-tela-2024-08-15-052853.png\"><img decoding=\"async\" class=\" wp-image-390 aligncenter\" src=\"http:\/\/www2.unifap.br\/cepap\/files\/2024\/08\/Captura-de-tela-2024-08-15-052853-296x300.png\" alt=\"\" width=\"375\" height=\"380\" srcset=\"https:\/\/www2.unifap.br\/cepap\/files\/2024\/08\/Captura-de-tela-2024-08-15-052853-296x300.png 296w, https:\/\/www2.unifap.br\/cepap\/files\/2024\/08\/Captura-de-tela-2024-08-15-052853-70x70.png 70w, https:\/\/www2.unifap.br\/cepap\/files\/2024\/08\/Captura-de-tela-2024-08-15-052853.png 571w\" sizes=\"(max-width: 375px) 100vw, 375px\" \/><\/a><\/p>\n<p><a href=\"http:\/\/www2.unifap.br\/cepap\/files\/2024\/08\/Captura-de-tela-2024-08-15-052908.png\"><img decoding=\"async\" class=\" wp-image-391 aligncenter\" src=\"http:\/\/www2.unifap.br\/cepap\/files\/2024\/08\/Captura-de-tela-2024-08-15-052908-300x294.png\" alt=\"\" width=\"380\" height=\"373\" srcset=\"https:\/\/www2.unifap.br\/cepap\/files\/2024\/08\/Captura-de-tela-2024-08-15-052908-300x294.png 300w, https:\/\/www2.unifap.br\/cepap\/files\/2024\/08\/Captura-de-tela-2024-08-15-052908-70x70.png 70w, https:\/\/www2.unifap.br\/cepap\/files\/2024\/08\/Captura-de-tela-2024-08-15-052908.png 586w\" sizes=\"(max-width: 380px) 100vw, 380px\" \/><\/a><\/p>\n<p><a href=\"http:\/\/www2.unifap.br\/cepap\/files\/2024\/08\/Captura-de-tela-2024-08-15-052924.png\"><img loading=\"lazy\" decoding=\"async\" class=\" wp-image-392 aligncenter\" src=\"http:\/\/www2.unifap.br\/cepap\/files\/2024\/08\/Captura-de-tela-2024-08-15-052924-286x300.png\" alt=\"\" width=\"382\" height=\"400\" srcset=\"https:\/\/www2.unifap.br\/cepap\/files\/2024\/08\/Captura-de-tela-2024-08-15-052924-286x300.png 286w, https:\/\/www2.unifap.br\/cepap\/files\/2024\/08\/Captura-de-tela-2024-08-15-052924.png 565w\" sizes=\"(max-width: 382px) 100vw, 382px\" \/><\/a><\/p>\n<p><a href=\"http:\/\/www2.unifap.br\/cepap\/files\/2024\/08\/Captura-de-tela-2024-08-15-052944.png\"><img loading=\"lazy\" decoding=\"async\" class=\"wp-image-393 aligncenter\" src=\"http:\/\/www2.unifap.br\/cepap\/files\/2024\/08\/Captura-de-tela-2024-08-15-052944-292x300.png\" alt=\"\" width=\"381\" height=\"391\" srcset=\"https:\/\/www2.unifap.br\/cepap\/files\/2024\/08\/Captura-de-tela-2024-08-15-052944-292x300.png 292w, https:\/\/www2.unifap.br\/cepap\/files\/2024\/08\/Captura-de-tela-2024-08-15-052944.png 573w\" sizes=\"(max-width: 381px) 100vw, 381px\" \/><\/a><a href=\"http:\/\/www2.unifap.br\/cepap\/files\/2024\/08\/Captura-de-tela-2024-08-15-053014.png\"><img loading=\"lazy\" decoding=\"async\" class=\"wp-image-395 aligncenter\" src=\"http:\/\/www2.unifap.br\/cepap\/files\/2024\/08\/Captura-de-tela-2024-08-15-053014-292x300.png\" alt=\"\" width=\"386\" height=\"396\" srcset=\"https:\/\/www2.unifap.br\/cepap\/files\/2024\/08\/Captura-de-tela-2024-08-15-053014-292x300.png 292w, https:\/\/www2.unifap.br\/cepap\/files\/2024\/08\/Captura-de-tela-2024-08-15-053014.png 556w\" sizes=\"(max-width: 386px) 100vw, 386px\" \/><\/a><\/p>\n","protected":false},"excerpt":{"rendered":"<p>O m\u00eas de agosto \u00e9 marcado pelo Dia Nacional do Patrim\u00f4nio Cultural, comemorado no dia 17. Em alus\u00e3o \u00e0 data, o CEPAP tem promovido eventos e a\u00e7\u00f5es com o objetivo de difundir, refletir e discutir quest\u00f5es atinentes ao patrim\u00f4nio cultural do Amap\u00e1. Dentre essas iniciativas e convergindo com a busca pela aproxima\u00e7\u00e3o com a sociedade&#8230;<\/p>\n","protected":false},"author":4017,"featured_media":389,"comment_status":"open","ping_status":"open","sticky":false,"template":"","format":"standard","meta":{"inline_featured_image":false,"ngg_post_thumbnail":0,"footnotes":""},"categories":[1],"tags":[],"class_list":["post-388","post","type-post","status-publish","format-standard","has-post-thumbnail","hentry","category-sem-categoria"],"_links":{"self":[{"href":"https:\/\/www2.unifap.br\/cepap\/wp-json\/wp\/v2\/posts\/388","targetHints":{"allow":["GET"]}}],"collection":[{"href":"https:\/\/www2.unifap.br\/cepap\/wp-json\/wp\/v2\/posts"}],"about":[{"href":"https:\/\/www2.unifap.br\/cepap\/wp-json\/wp\/v2\/types\/post"}],"author":[{"embeddable":true,"href":"https:\/\/www2.unifap.br\/cepap\/wp-json\/wp\/v2\/users\/4017"}],"replies":[{"embeddable":true,"href":"https:\/\/www2.unifap.br\/cepap\/wp-json\/wp\/v2\/comments?post=388"}],"version-history":[{"count":6,"href":"https:\/\/www2.unifap.br\/cepap\/wp-json\/wp\/v2\/posts\/388\/revisions"}],"predecessor-version":[{"id":402,"href":"https:\/\/www2.unifap.br\/cepap\/wp-json\/wp\/v2\/posts\/388\/revisions\/402"}],"wp:featuredmedia":[{"embeddable":true,"href":"https:\/\/www2.unifap.br\/cepap\/wp-json\/wp\/v2\/media\/389"}],"wp:attachment":[{"href":"https:\/\/www2.unifap.br\/cepap\/wp-json\/wp\/v2\/media?parent=388"}],"wp:term":[{"taxonomy":"category","embeddable":true,"href":"https:\/\/www2.unifap.br\/cepap\/wp-json\/wp\/v2\/categories?post=388"},{"taxonomy":"post_tag","embeddable":true,"href":"https:\/\/www2.unifap.br\/cepap\/wp-json\/wp\/v2\/tags?post=388"}],"curies":[{"name":"wp","href":"https:\/\/api.w.org\/{rel}","templated":true}]}}