{"id":405,"date":"2024-09-26T10:55:47","date_gmt":"2024-09-26T10:55:47","guid":{"rendered":"https:\/\/www2.unifap.br\/cepap\/?p=405"},"modified":"2024-11-21T22:21:35","modified_gmt":"2024-11-21T22:21:35","slug":"programacao-da-18a-primavera-dos-museus-no-cepap-contara-com-exposicao-dedicata-aos-carpinteiros-navais-do-elesbao","status":"publish","type":"post","link":"https:\/\/www2.unifap.br\/cepap\/2024\/09\/26\/programacao-da-18a-primavera-dos-museus-no-cepap-contara-com-exposicao-dedicata-aos-carpinteiros-navais-do-elesbao\/","title":{"rendered":"PROGRAMA\u00c7\u00c3O DA 18\u00aa PRIMAVERA DOS MUSEUS NO CEPAP CONTAR\u00c1 COM EXPOSI\u00c7\u00c3O DEDICATA AOS CARPINTEIROS NAVAIS DO ELESB\u00c3O"},"content":{"rendered":"<p>Nos dias 26 e 27 de setembro, o CEPAP estar\u00e1 integrado \u00e0 programa\u00e7\u00e3o da 18\u00aa Primavera dos Museus, evento nacional promovido pelo Instituto Brasileiro de Museus (Ibram) envolvendo museus e institui\u00e7\u00f5es culturais de todo o Brasil. Com o tema Museus, Acessibilidade e Inclus\u00e3o, essa edi\u00e7\u00e3o do evento busca expandir olhares, pensar e refletir sobre como aprimorar a acessibilidade e a inclus\u00e3o nos espa\u00e7os museais.<\/p>\n<p>Ao estar integrado \u00e0 programa\u00e7\u00e3o, o CEPAP far\u00e1 o lan\u00e7amento da exposi\u00e7\u00e3o <strong>\u201c<em>Mestres do Saber: os Carpinteiros Navais do Elesb\u00e3o<\/em>\u201d<\/strong>. A exposi\u00e7\u00e3o \u00e9 fruto do projeto intitulado \u201c<em>Educa\u00e7\u00e3o Patrimonial: Hist\u00f3ria e Mem\u00f3ria das Comunidades Ribeirinhas de Santana-AP<\/em>\u201d (PROFID), executado ao longo de 2024, no bairro do Elesb\u00e3o. Coordenado pelas Professoras Dra. Ana Cristina Rocha Silva e Dra. Elke Daniela Rocha Nunes \u2013 ambas do curso de Hist\u00f3ria \u2013 o projeto recebeu o financiamento do PROFID e vislumbrou subsidiar o reconhecimento da carpintaria naval como patrim\u00f4nio cultural do munic\u00edpio de Santana-AP. Por meio da exposi\u00e7\u00e3o, o projeto pretende contribuir com a leitura do universo sociocultural do Elesb\u00e3o, a fim de notabilizar saberes e fazeres intergeracionais que manifestam um universo pr\u00e1tico e simb\u00f3lico e norteiam as rela\u00e7\u00f5es sociais e econ\u00f4micas do lugar.<\/p>\n<p>Convergindo com esses objetivos, a programa\u00e7\u00e3o do CEPAP tamb\u00e9m contar\u00e1 com a exposi\u00e7\u00e3o intitulada <strong>\u201c<em>Reflexos dos Ribeirinhos: entre Cores e Mem\u00f3rias\u201d<\/em><\/strong>, composta por obras de Pop Art Tucuju do artista Jeriel Luz e as po\u00e9ticas fotografias de Luzia Mota. &nbsp;Por meio da exposi\u00e7\u00e3o, este casal de artistas ir\u00e1 compartilhar sua vis\u00e3o \u00fanica sobre a realidade ribeirinha do Amap\u00e1. Assim, os visitantes poder\u00e3o ter uma experi\u00eancia rica em cultura, mem\u00f3ria e viv\u00eancias.<\/p>\n<p>Para al\u00e9m disso e indo ao encontro do objetivo central da 18\u00aa Primavera dos Museus, o CEPAP tamb\u00e9m ofertar\u00e1 visita\u00e7\u00e3o livre \u00e0 exposi\u00e7\u00e3o arqueol\u00f3gica do centro. A exposi\u00e7\u00e3o possui acessibilidade para pessoas com defici\u00eancia visual e \u00e9 composta por artefatos advindos das pesquisas desenvolvidas pelo CEPAP ao longo dos seus 20 anos. A acessibilidade da exposi\u00e7\u00e3o \u00e9 fruto da parceria entre o CEPAP, o Laborat\u00f3rio de Audiodescri\u00e7\u00e3o (LABAC) da UNIFAP e o Centro de Atendimento \u00e0s Pessoas com Defici\u00eancia Visual (CAP).<\/p>\n<p><a href=\"http:\/\/www2.unifap.br\/cepap\/files\/2024\/09\/WhatsApp-Image-2024-09-25-at-14.33.03.jpeg\"><img fetchpriority=\"high\" decoding=\"async\" class=\"wp-image-408 aligncenter\" src=\"http:\/\/www2.unifap.br\/cepap\/files\/2024\/09\/WhatsApp-Image-2024-09-25-at-14.33.03-212x300.jpeg\" alt=\"\" width=\"390\" height=\"552\" srcset=\"https:\/\/www2.unifap.br\/cepap\/files\/2024\/09\/WhatsApp-Image-2024-09-25-at-14.33.03-212x300.jpeg 212w, https:\/\/www2.unifap.br\/cepap\/files\/2024\/09\/WhatsApp-Image-2024-09-25-at-14.33.03-724x1024.jpeg 724w, https:\/\/www2.unifap.br\/cepap\/files\/2024\/09\/WhatsApp-Image-2024-09-25-at-14.33.03-768x1086.jpeg 768w, https:\/\/www2.unifap.br\/cepap\/files\/2024\/09\/WhatsApp-Image-2024-09-25-at-14.33.03-1086x1536.jpeg 1086w, https:\/\/www2.unifap.br\/cepap\/files\/2024\/09\/WhatsApp-Image-2024-09-25-at-14.33.03.jpeg 1131w\" sizes=\"(max-width: 390px) 100vw, 390px\" \/><\/a><\/p>\n<p><a href=\"http:\/\/www2.unifap.br\/cepap\/files\/2024\/09\/WhatsApp-Image-2024-09-25-at-14.33.14.jpeg\"><img decoding=\"async\" class=\"wp-image-406 aligncenter\" src=\"http:\/\/www2.unifap.br\/cepap\/files\/2024\/09\/WhatsApp-Image-2024-09-25-at-14.33.14-212x300.jpeg\" alt=\"\" width=\"397\" height=\"562\" srcset=\"https:\/\/www2.unifap.br\/cepap\/files\/2024\/09\/WhatsApp-Image-2024-09-25-at-14.33.14-212x300.jpeg 212w, https:\/\/www2.unifap.br\/cepap\/files\/2024\/09\/WhatsApp-Image-2024-09-25-at-14.33.14-724x1024.jpeg 724w, https:\/\/www2.unifap.br\/cepap\/files\/2024\/09\/WhatsApp-Image-2024-09-25-at-14.33.14-768x1086.jpeg 768w, https:\/\/www2.unifap.br\/cepap\/files\/2024\/09\/WhatsApp-Image-2024-09-25-at-14.33.14-1086x1536.jpeg 1086w, https:\/\/www2.unifap.br\/cepap\/files\/2024\/09\/WhatsApp-Image-2024-09-25-at-14.33.14.jpeg 1131w\" sizes=\"(max-width: 397px) 100vw, 397px\" \/><\/a><\/p>\n<p><a href=\"http:\/\/www2.unifap.br\/cepap\/files\/2024\/09\/WhatsApp-Image-2024-09-25-at-14.33.03-1.jpeg\"><img decoding=\"async\" class=\"wp-image-407 aligncenter\" src=\"http:\/\/www2.unifap.br\/cepap\/files\/2024\/09\/WhatsApp-Image-2024-09-25-at-14.33.03-1-212x300.jpeg\" alt=\"\" width=\"393\" height=\"556\" srcset=\"https:\/\/www2.unifap.br\/cepap\/files\/2024\/09\/WhatsApp-Image-2024-09-25-at-14.33.03-1-212x300.jpeg 212w, https:\/\/www2.unifap.br\/cepap\/files\/2024\/09\/WhatsApp-Image-2024-09-25-at-14.33.03-1-724x1024.jpeg 724w, https:\/\/www2.unifap.br\/cepap\/files\/2024\/09\/WhatsApp-Image-2024-09-25-at-14.33.03-1-768x1086.jpeg 768w, https:\/\/www2.unifap.br\/cepap\/files\/2024\/09\/WhatsApp-Image-2024-09-25-at-14.33.03-1-1086x1536.jpeg 1086w, https:\/\/www2.unifap.br\/cepap\/files\/2024\/09\/WhatsApp-Image-2024-09-25-at-14.33.03-1.jpeg 1131w\" sizes=\"(max-width: 393px) 100vw, 393px\" \/><\/a><\/p>\n<p>&nbsp;<\/p>\n","protected":false},"excerpt":{"rendered":"<p>Nos dias 26 e 27 de setembro, o CEPAP estar\u00e1 integrado \u00e0 programa\u00e7\u00e3o da 18\u00aa Primavera dos Museus, evento nacional promovido pelo Instituto Brasileiro de Museus (Ibram) envolvendo museus e institui\u00e7\u00f5es culturais de todo o Brasil. Com o tema Museus, Acessibilidade e Inclus\u00e3o, essa edi\u00e7\u00e3o do evento busca expandir olhares, pensar e refletir sobre como&#8230;<\/p>\n","protected":false},"author":4017,"featured_media":408,"comment_status":"open","ping_status":"open","sticky":false,"template":"","format":"standard","meta":{"inline_featured_image":false,"ngg_post_thumbnail":0,"footnotes":""},"categories":[1],"tags":[],"class_list":["post-405","post","type-post","status-publish","format-standard","has-post-thumbnail","hentry","category-sem-categoria"],"_links":{"self":[{"href":"https:\/\/www2.unifap.br\/cepap\/wp-json\/wp\/v2\/posts\/405","targetHints":{"allow":["GET"]}}],"collection":[{"href":"https:\/\/www2.unifap.br\/cepap\/wp-json\/wp\/v2\/posts"}],"about":[{"href":"https:\/\/www2.unifap.br\/cepap\/wp-json\/wp\/v2\/types\/post"}],"author":[{"embeddable":true,"href":"https:\/\/www2.unifap.br\/cepap\/wp-json\/wp\/v2\/users\/4017"}],"replies":[{"embeddable":true,"href":"https:\/\/www2.unifap.br\/cepap\/wp-json\/wp\/v2\/comments?post=405"}],"version-history":[{"count":1,"href":"https:\/\/www2.unifap.br\/cepap\/wp-json\/wp\/v2\/posts\/405\/revisions"}],"predecessor-version":[{"id":409,"href":"https:\/\/www2.unifap.br\/cepap\/wp-json\/wp\/v2\/posts\/405\/revisions\/409"}],"wp:featuredmedia":[{"embeddable":true,"href":"https:\/\/www2.unifap.br\/cepap\/wp-json\/wp\/v2\/media\/408"}],"wp:attachment":[{"href":"https:\/\/www2.unifap.br\/cepap\/wp-json\/wp\/v2\/media?parent=405"}],"wp:term":[{"taxonomy":"category","embeddable":true,"href":"https:\/\/www2.unifap.br\/cepap\/wp-json\/wp\/v2\/categories?post=405"},{"taxonomy":"post_tag","embeddable":true,"href":"https:\/\/www2.unifap.br\/cepap\/wp-json\/wp\/v2\/tags?post=405"}],"curies":[{"name":"wp","href":"https:\/\/api.w.org\/{rel}","templated":true}]}}