{"id":813,"date":"2025-06-03T04:22:01","date_gmt":"2025-06-03T04:22:01","guid":{"rendered":"https:\/\/www2.unifap.br\/cepap\/?p=813"},"modified":"2025-06-03T04:22:01","modified_gmt":"2025-06-03T04:22:01","slug":"academica-de-historia-realiza-intercambio-no-museu-de-arqueologia-e-etnologia-da-usp","status":"publish","type":"post","link":"https:\/\/www2.unifap.br\/cepap\/2025\/06\/03\/academica-de-historia-realiza-intercambio-no-museu-de-arqueologia-e-etnologia-da-usp\/","title":{"rendered":"Acad\u00eamica de Hist\u00f3ria realiza interc\u00e2mbio no Museu de Arqueologia e Etnologia da USP"},"content":{"rendered":"<p>&nbsp;<\/p>\n<p><a href=\"http:\/\/www2.unifap.br\/cepap\/files\/2025\/06\/WhatsApp-Image-2025-06-03-at-00.42.12.jpeg\"><img fetchpriority=\"high\" decoding=\"async\" class=\"wp-image-803 alignleft\" src=\"http:\/\/www2.unifap.br\/cepap\/files\/2025\/06\/WhatsApp-Image-2025-06-03-at-00.42.12-225x300.jpeg\" alt=\"\" width=\"199\" height=\"265\" srcset=\"https:\/\/www2.unifap.br\/cepap\/files\/2025\/06\/WhatsApp-Image-2025-06-03-at-00.42.12-225x300.jpeg 225w, https:\/\/www2.unifap.br\/cepap\/files\/2025\/06\/WhatsApp-Image-2025-06-03-at-00.42.12-768x1024.jpeg 768w, https:\/\/www2.unifap.br\/cepap\/files\/2025\/06\/WhatsApp-Image-2025-06-03-at-00.42.12.jpeg 793w\" sizes=\"(max-width: 199px) 100vw, 199px\" \/><\/a><em>Raissa Martel Melo \u00e9 integrante da equipe do Centro de Estudos e Pesquisas Arqueol\u00f3gicas e Patrimoniais do Amap\u00e1 (Cepap\/Unifap). Interc\u00e2mbio objetiva qualificar a acad\u00eamica na \u00e1rea da arqueologia.<\/em><\/p>\n<p>A acad\u00eamica do s\u00e9timo semestre do curso de Hist\u00f3ria da Universidade Federal do Amap\u00e1 (Unifap), Raissa Martel Melo, realiza, at\u00e9 o dia 17 de maio, interc\u00e2mbio acad\u00eamico-cient\u00edfico no Museu de Arqueologia e Etnologia da Universidade de S\u00e3o Paulo (MAE\/USP). Raissa \u00e9 integrante da equipe do Centro de Estudos e Pesquisas Arqueol\u00f3gicas e Patrimoniais do Amap\u00e1 (Cepap\/Unifap).<\/p>\n<p>O interc\u00e2mbio deriva da coopera\u00e7\u00e3o entre o Cepap\/Unifap e o MAE\/USP na pesquisa que est\u00e1 estudando o DNA de popula\u00e7\u00f5es antigas, para fins de aprofundamento do conhecimento da diversidade nativa americana. A coopera\u00e7\u00e3o iniciou em janeiro de 2025, quando a equipe do MAE\/USP esteve no Cepap para escavar urnas funer\u00e1rias que est\u00e3o no acervo da reserva t\u00e9cnica do centro. Nessa primeira etapa, foram coletadas amostras de DNA de ossos humanos contidos dentro das urnas escavadas.<\/p>\n<p><a href=\"http:\/\/www2.unifap.br\/cepap\/files\/2025\/06\/WhatsApp-Image-2025-06-03-at-01.14.51-1.jpg\"><img decoding=\"async\" class=\"size-medium wp-image-815 alignleft\" src=\"http:\/\/www2.unifap.br\/cepap\/files\/2025\/06\/WhatsApp-Image-2025-06-03-at-01.14.51-1-300x247.jpg\" alt=\"\" width=\"300\" height=\"247\" srcset=\"https:\/\/www2.unifap.br\/cepap\/files\/2025\/06\/WhatsApp-Image-2025-06-03-at-01.14.51-1-300x247.jpg 300w, https:\/\/www2.unifap.br\/cepap\/files\/2025\/06\/WhatsApp-Image-2025-06-03-at-01.14.51-1.jpg 720w\" sizes=\"(max-width: 300px) 100vw, 300px\" \/><\/a>Raissa participou ativamente de todo o processo de escava\u00e7\u00e3o das urnas e coleta das amostras de DNA. A indica\u00e7\u00e3o dela para o interc\u00e2mbio deriva do excelente desempenho na primeira etapa da coopera\u00e7\u00e3o, segundo a diretora do Cepap, Profa. Dra. Ana Cristina Silva. A aluna ser\u00e1 supervisionada pelo Prof. Dr. Andr\u00e9 Strauss (USP), especialista em bioarqueologia, e pela Prof. Dra. Tabita Hunemeier (USP), geneticista e especialista em gen\u00e9tica de popula\u00e7\u00e3o.<\/p>\n<p>Para Ra\u00edssa, a experi\u00eancia do interc\u00e2mbio tem sido um momento de grande aprendizado. \u201cEst\u00e1 sendo uma experi\u00eancia incr\u00edvel conhecer os projetos que a equipe da USP est\u00e1 desenvolvendo aqui no MAE. Isso tem aberto um leque de possibilidades na minha mente sobre como conduzir pesquisas em arqueologia na Amaz\u00f4nia e como trazer isso para o nosso estado\u201d, observa.<\/p>\n<p>A diretora do Cepap\/Unifap pontua que, por meio dessa primeira experi\u00eancia, o Cepap almeja construir mais oportunidades para que outros acad\u00eamicos vinculados ao Centro tamb\u00e9m possam realizar interc\u00e2mbio no MAE\/USP.<\/p>\n<p><a href=\"http:\/\/www2.unifap.br\/cepap\/files\/2025\/06\/WhatsApp-Image-2025-06-03-at-01.14.51.jpg\"><img decoding=\"async\" class=\"size-medium wp-image-816 alignleft\" src=\"http:\/\/www2.unifap.br\/cepap\/files\/2025\/06\/WhatsApp-Image-2025-06-03-at-01.14.51-300x294.jpg\" alt=\"\" width=\"300\" height=\"294\" srcset=\"https:\/\/www2.unifap.br\/cepap\/files\/2025\/06\/WhatsApp-Image-2025-06-03-at-01.14.51-300x294.jpg 300w, https:\/\/www2.unifap.br\/cepap\/files\/2025\/06\/WhatsApp-Image-2025-06-03-at-01.14.51.jpg 720w\" sizes=\"(max-width: 300px) 100vw, 300px\" \/><\/a>\u201cO objetivo maior \u00e9 oportunizar a qualifica\u00e7\u00e3o de estudantes amapaenses na \u00e1rea da arqueologia, bem como projetar esses estudantes para a p\u00f3s-gradua\u00e7\u00e3o nesse campo de conhecimento\u201d, afirma a Profa. Dra. Ana Cristina Silva.<\/p>\n<p><em>* Texto em colabora\u00e7\u00e3o Assesp\/Unifap e Profa. Dra. Ana Cristina Silva (Cepap\/Unifap)<\/em><br \/>\n<em>*Fotos: MAE\/USP e Profa. Dra. Ana Cristina Rocha Silva (Cepap\/Unifap)<\/em><\/p>\n<div class=\"wp-block-image\">&nbsp;<\/div>\n<div class=\"wp-block-image\">&nbsp;<\/div>\n<div class=\"wp-block-image\">&nbsp;<\/div>\n<div class=\"wp-block-image\">&nbsp;<\/div>\n","protected":false},"excerpt":{"rendered":"<p>&nbsp; Raissa Martel Melo \u00e9 integrante da equipe do Centro de Estudos e Pesquisas Arqueol\u00f3gicas e Patrimoniais do Amap\u00e1 (Cepap\/Unifap). Interc\u00e2mbio objetiva qualificar a acad\u00eamica na \u00e1rea da arqueologia. A acad\u00eamica do s\u00e9timo semestre do curso de Hist\u00f3ria da Universidade Federal do Amap\u00e1 (Unifap), Raissa Martel Melo, realiza, at\u00e9 o dia 17 de maio, interc\u00e2mbio&#8230;<\/p>\n","protected":false},"author":595,"featured_media":803,"comment_status":"closed","ping_status":"closed","sticky":false,"template":"","format":"standard","meta":{"inline_featured_image":false,"ngg_post_thumbnail":0,"footnotes":""},"categories":[1],"tags":[],"class_list":["post-813","post","type-post","status-publish","format-standard","has-post-thumbnail","hentry","category-sem-categoria"],"_links":{"self":[{"href":"https:\/\/www2.unifap.br\/cepap\/wp-json\/wp\/v2\/posts\/813","targetHints":{"allow":["GET"]}}],"collection":[{"href":"https:\/\/www2.unifap.br\/cepap\/wp-json\/wp\/v2\/posts"}],"about":[{"href":"https:\/\/www2.unifap.br\/cepap\/wp-json\/wp\/v2\/types\/post"}],"author":[{"embeddable":true,"href":"https:\/\/www2.unifap.br\/cepap\/wp-json\/wp\/v2\/users\/595"}],"replies":[{"embeddable":true,"href":"https:\/\/www2.unifap.br\/cepap\/wp-json\/wp\/v2\/comments?post=813"}],"version-history":[{"count":2,"href":"https:\/\/www2.unifap.br\/cepap\/wp-json\/wp\/v2\/posts\/813\/revisions"}],"predecessor-version":[{"id":818,"href":"https:\/\/www2.unifap.br\/cepap\/wp-json\/wp\/v2\/posts\/813\/revisions\/818"}],"wp:featuredmedia":[{"embeddable":true,"href":"https:\/\/www2.unifap.br\/cepap\/wp-json\/wp\/v2\/media\/803"}],"wp:attachment":[{"href":"https:\/\/www2.unifap.br\/cepap\/wp-json\/wp\/v2\/media?parent=813"}],"wp:term":[{"taxonomy":"category","embeddable":true,"href":"https:\/\/www2.unifap.br\/cepap\/wp-json\/wp\/v2\/categories?post=813"},{"taxonomy":"post_tag","embeddable":true,"href":"https:\/\/www2.unifap.br\/cepap\/wp-json\/wp\/v2\/tags?post=813"}],"curies":[{"name":"wp","href":"https:\/\/api.w.org\/{rel}","templated":true}]}}