{"id":819,"date":"2025-06-03T04:56:23","date_gmt":"2025-06-03T04:56:23","guid":{"rendered":"https:\/\/www2.unifap.br\/cepap\/?p=819"},"modified":"2025-06-03T04:56:23","modified_gmt":"2025-06-03T04:56:23","slug":"estudo-as-memorias-do-forte-cumau-e-aprovado-em-dois-eventos","status":"publish","type":"post","link":"https:\/\/www2.unifap.br\/cepap\/2025\/06\/03\/estudo-as-memorias-do-forte-cumau-e-aprovado-em-dois-eventos\/","title":{"rendered":"Estudo &#8220;As mem\u00f3rias do Forte Cuma\u00fa&#8221; \u00e9 aprovado em dois eventos"},"content":{"rendered":"<p><a href=\"http:\/\/www2.unifap.br\/cepap\/files\/2025\/06\/WhatsApp-Image-2025-06-03-at-01.38.41.jpeg\"><img fetchpriority=\"high\" decoding=\"async\" class=\"alignnone size-medium wp-image-823\" src=\"http:\/\/www2.unifap.br\/cepap\/files\/2025\/06\/WhatsApp-Image-2025-06-03-at-01.38.41-300x297.jpeg\" alt=\"\" width=\"300\" height=\"297\" srcset=\"https:\/\/www2.unifap.br\/cepap\/files\/2025\/06\/WhatsApp-Image-2025-06-03-at-01.38.41-300x297.jpeg 300w, https:\/\/www2.unifap.br\/cepap\/files\/2025\/06\/WhatsApp-Image-2025-06-03-at-01.38.41-1024x1014.jpeg 1024w, https:\/\/www2.unifap.br\/cepap\/files\/2025\/06\/WhatsApp-Image-2025-06-03-at-01.38.41-150x150.jpeg 150w, https:\/\/www2.unifap.br\/cepap\/files\/2025\/06\/WhatsApp-Image-2025-06-03-at-01.38.41-768x760.jpeg 768w, https:\/\/www2.unifap.br\/cepap\/files\/2025\/06\/WhatsApp-Image-2025-06-03-at-01.38.41.jpeg 1080w\" sizes=\"(max-width: 300px) 100vw, 300px\" \/><\/a> <a href=\"http:\/\/www2.unifap.br\/cepap\/files\/2025\/06\/WhatsApp-Image-2025-06-03-at-01.38.40-1.jpeg\"><img decoding=\"async\" class=\"alignnone size-medium wp-image-825\" src=\"http:\/\/www2.unifap.br\/cepap\/files\/2025\/06\/WhatsApp-Image-2025-06-03-at-01.38.40-1-300x296.jpeg\" alt=\"\" width=\"300\" height=\"296\" srcset=\"https:\/\/www2.unifap.br\/cepap\/files\/2025\/06\/WhatsApp-Image-2025-06-03-at-01.38.40-1-300x296.jpeg 300w, https:\/\/www2.unifap.br\/cepap\/files\/2025\/06\/WhatsApp-Image-2025-06-03-at-01.38.40-1-1024x1010.jpeg 1024w, https:\/\/www2.unifap.br\/cepap\/files\/2025\/06\/WhatsApp-Image-2025-06-03-at-01.38.40-1-768x757.jpeg 768w, https:\/\/www2.unifap.br\/cepap\/files\/2025\/06\/WhatsApp-Image-2025-06-03-at-01.38.40-1.jpeg 1080w\" sizes=\"(max-width: 300px) 100vw, 300px\" \/><\/a> <a href=\"http:\/\/www2.unifap.br\/cepap\/files\/2025\/06\/WhatsApp-Image-2025-06-03-at-01.38.40-4.jpeg\"><img decoding=\"async\" class=\"alignnone size-medium wp-image-826\" src=\"http:\/\/www2.unifap.br\/cepap\/files\/2025\/06\/WhatsApp-Image-2025-06-03-at-01.38.40-4-300x298.jpeg\" alt=\"\" width=\"300\" height=\"298\" srcset=\"https:\/\/www2.unifap.br\/cepap\/files\/2025\/06\/WhatsApp-Image-2025-06-03-at-01.38.40-4-300x298.jpeg 300w, https:\/\/www2.unifap.br\/cepap\/files\/2025\/06\/WhatsApp-Image-2025-06-03-at-01.38.40-4-1024x1016.jpeg 1024w, https:\/\/www2.unifap.br\/cepap\/files\/2025\/06\/WhatsApp-Image-2025-06-03-at-01.38.40-4-150x150.jpeg 150w, https:\/\/www2.unifap.br\/cepap\/files\/2025\/06\/WhatsApp-Image-2025-06-03-at-01.38.40-4-768x762.jpeg 768w, https:\/\/www2.unifap.br\/cepap\/files\/2025\/06\/WhatsApp-Image-2025-06-03-at-01.38.40-4.jpeg 1080w\" sizes=\"(max-width: 300px) 100vw, 300px\" \/><\/a><\/p>\n<p>Intitulado &#8220;As mem\u00f3rias do Forte Cuma\u00fa&#8221;, o trabalho de inicia\u00e7\u00e3o cient\u00edfica desenvolvido pelo discente M. Vinicius Morais da Silva e orientado pela Profa. Dra. Ana Cristina Rocha Silva foi aprovado para participar do X<a href=\"http:\/\/www2.unifap.br\/cepap\/files\/2025\/06\/WhatsApp-Image-2025-06-03-at-01.38.40-3.jpeg\"><img loading=\"lazy\" decoding=\"async\" class=\" wp-image-822 alignleft\" src=\"http:\/\/www2.unifap.br\/cepap\/files\/2025\/06\/WhatsApp-Image-2025-06-03-at-01.38.40-3-300x297.jpeg\" alt=\"\" width=\"273\" height=\"270\" srcset=\"https:\/\/www2.unifap.br\/cepap\/files\/2025\/06\/WhatsApp-Image-2025-06-03-at-01.38.40-3-300x297.jpeg 300w, https:\/\/www2.unifap.br\/cepap\/files\/2025\/06\/WhatsApp-Image-2025-06-03-at-01.38.40-3-1024x1013.jpeg 1024w, https:\/\/www2.unifap.br\/cepap\/files\/2025\/06\/WhatsApp-Image-2025-06-03-at-01.38.40-3-768x759.jpeg 768w, https:\/\/www2.unifap.br\/cepap\/files\/2025\/06\/WhatsApp-Image-2025-06-03-at-01.38.40-3.jpeg 1080w\" sizes=\"(max-width: 273px) 100vw, 273px\" \/><\/a>IV Encontro de Hist\u00f3ria Oral da Regi\u00e3o Norte e V Encontro Pan-Amaz\u00f4nico de Hist\u00f3ria Oral, a ocorrer em Bel\u00e9m, na UFPA, entre os dias 04 e 06 de junho.<br \/>\nA pesquisa ir\u00e1 compor o Simp\u00f3sio Tem\u00e1tico denominado. Popula\u00e7\u00f5es e territ\u00f3rios de resist\u00eancias e lutas na Panamaz\u00f4nia: nossos direitos s\u00e3o inegoci\u00e1veis (ST03), e busca discutir a considera\u00e7\u00e3o das vozes da sociedade civil do munic\u00edpio de Santana nas pol\u00edticas p\u00fablicas de preserva\u00e7\u00e3o do patrim\u00f4nio cultural.<br \/>\nDentre os sujeitos engajados nessa luta, o estudo destaca o Senhor Jos\u00e9 Belo Lobato, de 86 anos. H\u00e1 pelo menos 30 anos, ele provoca as institui\u00e7\u00f5es p\u00fablicas que lidam com a gest\u00e3o do patrim\u00f4nio cultural, a fim de garantir que as ru\u00ednas do Forte Cuma\u00fa sejam protegidas.<br \/>\nPor meio de estudo qualitativo que se utiliza das t\u00e9cnicas da hist\u00f3ria oral, o trabalho analisa como as mem\u00f3rias das pessoas que convivem na vizinhan\u00e7a do Forte se entrela\u00e7am com suas reivindica\u00e7\u00f5es para que o local seja reconhecido como espa\u00e7o de mem\u00f3ria e patrim\u00f4nio cultural local.<\/p>\n","protected":false},"excerpt":{"rendered":"<p>Intitulado &#8220;As mem\u00f3rias do Forte Cuma\u00fa&#8221;, o trabalho de inicia\u00e7\u00e3o cient\u00edfica desenvolvido pelo discente M. Vinicius Morais da Silva e orientado pela Profa. Dra. Ana Cristina Rocha Silva foi aprovado para participar do XIV Encontro de Hist\u00f3ria Oral da Regi\u00e3o Norte e V Encontro Pan-Amaz\u00f4nico de Hist\u00f3ria Oral, a ocorrer em Bel\u00e9m, na UFPA, entre&#8230;<\/p>\n","protected":false},"author":595,"featured_media":820,"comment_status":"closed","ping_status":"closed","sticky":false,"template":"","format":"standard","meta":{"inline_featured_image":false,"ngg_post_thumbnail":0,"footnotes":""},"categories":[1],"tags":[],"class_list":["post-819","post","type-post","status-publish","format-standard","has-post-thumbnail","hentry","category-sem-categoria"],"_links":{"self":[{"href":"https:\/\/www2.unifap.br\/cepap\/wp-json\/wp\/v2\/posts\/819","targetHints":{"allow":["GET"]}}],"collection":[{"href":"https:\/\/www2.unifap.br\/cepap\/wp-json\/wp\/v2\/posts"}],"about":[{"href":"https:\/\/www2.unifap.br\/cepap\/wp-json\/wp\/v2\/types\/post"}],"author":[{"embeddable":true,"href":"https:\/\/www2.unifap.br\/cepap\/wp-json\/wp\/v2\/users\/595"}],"replies":[{"embeddable":true,"href":"https:\/\/www2.unifap.br\/cepap\/wp-json\/wp\/v2\/comments?post=819"}],"version-history":[{"count":2,"href":"https:\/\/www2.unifap.br\/cepap\/wp-json\/wp\/v2\/posts\/819\/revisions"}],"predecessor-version":[{"id":828,"href":"https:\/\/www2.unifap.br\/cepap\/wp-json\/wp\/v2\/posts\/819\/revisions\/828"}],"wp:featuredmedia":[{"embeddable":true,"href":"https:\/\/www2.unifap.br\/cepap\/wp-json\/wp\/v2\/media\/820"}],"wp:attachment":[{"href":"https:\/\/www2.unifap.br\/cepap\/wp-json\/wp\/v2\/media?parent=819"}],"wp:term":[{"taxonomy":"category","embeddable":true,"href":"https:\/\/www2.unifap.br\/cepap\/wp-json\/wp\/v2\/categories?post=819"},{"taxonomy":"post_tag","embeddable":true,"href":"https:\/\/www2.unifap.br\/cepap\/wp-json\/wp\/v2\/tags?post=819"}],"curies":[{"name":"wp","href":"https:\/\/api.w.org\/{rel}","templated":true}]}}