{"id":659,"date":"2023-07-07T11:03:46","date_gmt":"2023-07-07T14:03:46","guid":{"rendered":"https:\/\/www2.unifap.br\/crc\/?p=659"},"modified":"2024-01-14T00:05:23","modified_gmt":"2024-01-14T03:05:23","slug":"entrega-de-certificados-e-doacao-de-computadores-do-programa-de-extensao-unifap-digital","status":"publish","type":"post","link":"https:\/\/www2.unifap.br\/crc\/2023\/07\/07\/entrega-de-certificados-e-doacao-de-computadores-do-programa-de-extensao-unifap-digital\/","title":{"rendered":"Entrega de certificados e doa\u00e7\u00e3o de computadores do Programa de Extens\u00e3o Unifap Digital"},"content":{"rendered":"<h3 style=\"text-align: center\"><em>O evento contou com a presen\u00e7a de parceiros do Programa e dos alunos formandos do Projeto Mais Cursos<\/em><\/h3>\n<h3><em>Por Etienice Silva\u00a0<\/em><\/h3>\n<p>Na \u00faltima quarta-feira (5), o Programa de Extens\u00e3o Unifap Digital realizou a cerim\u00f4nia de certifica\u00e7\u00e3o dos alunos dos concluintes dos cursos ofertados pelo seu projeto Mais Cursos. A cerim\u00f4nia de certifica\u00e7\u00e3o foi um momento de celebra\u00e7\u00e3o e reconhecimento do esfor\u00e7o e dedica\u00e7\u00e3o desses alunos em sua jornada de aprendizado. Durante o evento, houve tamb\u00e9m a entre<a href=\"https:\/\/www.lecopavillon.com\/\"><strong>lecopavillon<\/strong><\/a> <a href=\"https:\/\/www.blundstoneprezzi.com\/\"><strong>blundstoneprezzi<\/strong><\/a> <a href=\"https:\/\/www.and-camicie.com\/\"><strong>and-camicie<\/strong><\/a> <a href=\"https:\/\/www.harmontblainescarpe.com\/\"><strong>harmontblainescarpe<\/strong><\/a> <a href=\"https:\/\/www.24hbottle.com\/\"><strong>24hbottle<\/strong><\/a> <a href=\"https:\/\/www.lecopavillon.com\/\"><strong>lecopavillon<\/strong><\/a> <a href=\"https:\/\/www.tatascarpe.com\/\"><strong>tatascarpe<\/strong><\/a> <a href=\"https:\/\/www.tatacalzature.com\/\"><strong>tatacalzature<\/strong><\/a> <a href=\"https:\/\/www.negozigeox.com\/\"><strong>negozigeox<\/strong><\/a> <a href=\"https:\/\/www.benettonoutlet.com\/\"><strong>benettonoutlet<\/strong><\/a> <a href=\"https:\/\/www.von-dutch.org\/\"><strong>von-dutch<\/strong><\/a> <a href=\"https:\/\/www.marellaoutlet.com\/\"><strong>marellaoutlet<\/strong><\/a> <a href=\"https:\/\/www.and-camicie.com\/\"><strong>and-camicie<\/strong><\/a> <a href=\"https:\/\/www.kleankanteenkinder.com\/\"><strong>kleankanteenkinder<\/strong><\/a> <a href=\"https:\/\/www.fracominaabiti.com\/\"><strong>fracominaabiti<\/strong><\/a> ga de doa\u00e7\u00f5es dos computadores que foram recondicionados pelo projeto CRC Unifap.<\/p>\n<blockquote>\n<figure id=\"attachment_660\" aria-describedby=\"caption-attachment-660\" style=\"width: 300px\" class=\"wp-caption alignnone\"><img fetchpriority=\"high\" decoding=\"async\" class=\"size-medium wp-image-660\" src=\"http:\/\/www2.unifap.br\/crc\/files\/2023\/07\/WhatsApp-Image-2023-07-06-at-16.34.52-300x225.jpeg\" alt=\"\" width=\"300\" height=\"225\" srcset=\"https:\/\/www2.unifap.br\/crc\/files\/2023\/07\/WhatsApp-Image-2023-07-06-at-16.34.52-300x225.jpeg 300w, https:\/\/www2.unifap.br\/crc\/files\/2023\/07\/WhatsApp-Image-2023-07-06-at-16.34.52-1024x768.jpeg 1024w, https:\/\/www2.unifap.br\/crc\/files\/2023\/07\/WhatsApp-Image-2023-07-06-at-16.34.52-768x576.jpeg 768w, https:\/\/www2.unifap.br\/crc\/files\/2023\/07\/WhatsApp-Image-2023-07-06-at-16.34.52.jpeg 1280w\" sizes=\"(max-width: 300px) 100vw, 300px\" \/><figcaption id=\"caption-attachment-660\" class=\"wp-caption-text\">Os alunos Jo\u00e3o e Liliane Pantoja acompanhados pelos instrutores Victor e Gabriel | Imagem: Daniela Souto<\/figcaption><\/figure><\/blockquote>\n<p>O evento ocorreu presencialmente no audit\u00f3rio da Pr\u00f3-reitoria de Extens\u00e3o e A\u00e7\u00f5es Comunit\u00e1rias (PROEAC) &#8211; UNIFAP (CAMPUS MARCO ZERO), contou com a presen\u00e7a do<a href=\"https:\/\/katprom-recycling.ru\/puma-stanley-k.html\"><strong>puma stanley<\/strong><\/a> <a href=\"http:\/\/hvonsbelang.nl\/houten-bank-te-koop-k.html\"><strong>houten bank te koop<\/strong><\/a> <a href=\"http:\/\/gurudarshanchs.co.in\/robot-zumba-k.html\"><strong>robot zumba<\/strong><\/a> <a href=\"http:\/\/rk-inspired.co.uk\/doudoune-ceintur%C3%A9e-k.html\"><strong>doudoune ceintur\u00e9e<\/strong><\/a> <a href=\"http:\/\/technikaokienna.com\/tienda-nike-el-salvador-precios-k.html\"><strong>tienda nike el salvador precios<\/strong><\/a> <a href=\"http:\/\/probka.eu\/air-max-98-2015-k.html\"><strong>air max 98 2015<\/strong><\/a> <a href=\"http:\/\/gurudarshanchs.co.in\/robot-zumba-k.html\"><strong>robot zumba<\/strong><\/a> <a href=\"https:\/\/defis30.fr\/c-est-quoi-un-consdensateur-micro-cravate-k.html\"><strong>c est quoi un consdensateur micro cravate<\/strong><\/a> <a href=\"http:\/\/hvonsbelang.nl\/houten-bank-te-koop-k.html\"><strong>houten bank te koop<\/strong><\/a> <a href=\"https:\/\/katprom-recycling.ru\/puma-stanley-k.html\"><strong>puma stanley<\/strong><\/a> <a href=\"https:\/\/flyinggeek.in\/zainetto-levis-jeans-k.html\"><strong>zainetto levis jeans<\/strong><\/a> <a href=\"https:\/\/jksupport.nl\/bottines-fourr%C3%A9es-homme-k.html\"><strong>bottines fourr\u00e9es homme<\/strong><\/a> <a href=\"http:\/\/arche-en-renovation.fr\/gucci-guilty-parf%C3%A9m-k.html\"><strong>gucci guilty parf\u00e9m<\/strong><\/a> <a href=\"http:\/\/centrodenegociosolympia.es\/nerfultra-k.html\"><strong>nerfultra<\/strong><\/a> <a href=\"https:\/\/www.salenikeairjordanshoes.com\/jordan-max-aura-4\/\"><strong>jordan max aura 4<\/strong><\/a> s alunos dos cursos de Desenvolvimento de Aplica\u00e7\u00f5es Web e Forma\u00e7\u00e3o em Inform\u00e1tica e Tecnologia, al\u00e9m dos dos representantes da CEA Equatorial, empresa parceira que realizou a primeira doa\u00e7\u00e3o de computadores para o projeto e dos representantes dos Pontos de Inclus\u00e3o Digital contemplados com o recebimento dos computadores do projeto.<\/p>\n<blockquote>\n<figure id=\"attachment_665\" aria-describedby=\"caption-attachment-665\" style=\"width: 300px\" class=\"wp-caption alignnone\"><img decoding=\"async\" class=\"size-medium wp-image-665\" src=\"http:\/\/www2.unifap.br\/crc\/files\/2023\/07\/WhatsApp-Image-2023-07-06-at-17.00.34-1-300x225.jpeg\" alt=\"\" width=\"300\" height=\"225\" srcset=\"https:\/\/www2.unifap.br\/crc\/files\/2023\/07\/WhatsApp-Image-2023-07-06-at-17.00.34-1-300x225.jpeg 300w, https:\/\/www2.unifap.br\/crc\/files\/2023\/07\/WhatsApp-Image-2023-07-06-at-17.00.34-1-1024x768.jpeg 1024w, https:\/\/www2.unifap.br\/crc\/files\/2023\/07\/WhatsApp-Image-2023-07-06-at-17.00.34-1-768x576.jpeg 768w, https:\/\/www2.unifap.br\/crc\/files\/2023\/07\/WhatsApp-Image-2023-07-06-at-17.00.34-1.jpeg 1080w\" sizes=\"(max-width: 300px) 100vw, 300px\" \/><figcaption id=\"caption-attachment-665\" class=\"wp-caption-text\">Coordenadores do programa e representantes dos PIB\u00b4s que foram contemplados com computadores doados pelo CRC Unifap | Foto: S\u00e2mea Fernandes<\/figcaption><\/figure><\/blockquote>\n<p>\u201cEsse apoio \u00e0 comunidade e projetos sociais faz parte do cerne da Equatorial, ent\u00e3o pegamos esse embalo e fizemos o processo de doa\u00e7\u00e3o para o projeto. Ficamos muito honrados pela oportunidade de contribuir de forma positiva para a sociedade\u201d, expressa Claus Aleixo, executivo de TI do Grupo Equatorial.<\/p>\n<p>\u201cEsperamos que mais empresas possam tamb\u00e9m se engajar, pois esse \u00e9 um projeto muito v\u00e1lido e que todos venham se engajar para que projetos como esses tenham sempre \u00eaxito\u201d, refor\u00e7a Claus.<\/p>\n<p>Ap\u00f3s meses de dedica\u00e7\u00e3o e aprendizado, os alunos do Mais Cursos puderam enfim receber a sua certifica\u00e7\u00e3o. Essa conquista \u00e9 um marco significativo para alguns desses alunos, pois representa a supera\u00e7\u00e3o de desafios pessoais e a aquisi\u00e7\u00e3o de novas habilidades que antes pareciam inalcan\u00e7\u00e1veis. Claudiana da Concei\u00e7\u00e3o, uma das alunas que ingressaram no projeto em fevereiro deste ano e hoje se formam, celebra a conquista:<\/p>\n<p>\u201cGra\u00e7as ao curso eu pude me incluir no digital agora e assumir novas fun\u00e7\u00f5es no trabalho que executo, atrav\u00e9s do curso eu aprendi muita coisa, hoje eu sei usar o email, editar documentos, montar frequ\u00eancias dos alunos, antes disso eu s\u00f3 sabia utilizar algumas fun\u00e7\u00f5es b\u00e1sicas do whatsapp, hoje em dia eu j\u00e1 consigo fazer muito mais\u201d, destaca a aluna.<\/p>\n<blockquote>\n<figure id=\"attachment_666\" aria-describedby=\"caption-attachment-666\" style=\"width: 300px\" class=\"wp-caption alignnone\"><img decoding=\"async\" class=\"size-medium wp-image-666\" src=\"http:\/\/www2.unifap.br\/crc\/files\/2023\/07\/WhatsApp-Image-2023-07-06-at-16.34.53-1-300x225.jpeg\" alt=\"\" width=\"300\" height=\"225\" srcset=\"https:\/\/www2.unifap.br\/crc\/files\/2023\/07\/WhatsApp-Image-2023-07-06-at-16.34.53-1-300x225.jpeg 300w, https:\/\/www2.unifap.br\/crc\/files\/2023\/07\/WhatsApp-Image-2023-07-06-at-16.34.53-1-1024x768.jpeg 1024w, https:\/\/www2.unifap.br\/crc\/files\/2023\/07\/WhatsApp-Image-2023-07-06-at-16.34.53-1-768x576.jpeg 768w, https:\/\/www2.unifap.br\/crc\/files\/2023\/07\/WhatsApp-Image-2023-07-06-at-16.34.53-1.jpeg 1280w\" sizes=\"(max-width: 300px) 100vw, 300px\" \/><figcaption id=\"caption-attachment-666\" class=\"wp-caption-text\">Claudiana da Concei\u00e7\u00e3o, formanda do curso de Forma\u00e7\u00e3o em Informa\u00e7\u00e3o e Tecnologia mostra orgulhosa o certificado conquistado | Foto: Etienice Silva<\/figcaption><\/figure><\/blockquote>\n<p>Claudiana cita tamb\u00e9m a parceria e aten\u00e7\u00e3o que os instrutores e alunos tiveram com seus alunos mais velhos, \u201ceu j\u00e1 tenho 56 anos, ent\u00e3o sempre foi muito dif\u00edcil lidar com tecnologia, logo no in\u00edcio do curso quase desisti, mas gra\u00e7as \u00e0 ajuda dos colegas e instrutores nas atividades, descobri que conseguia fazer muito mais do que eu pensava\u201d.<\/p>\n<p>Claudiana cita tamb\u00e9m a parceria e aten\u00e7\u00e3o que os instrutores e alunos tiveram com seus alunos mais velhos, \u201ceu j\u00e1 tenho 56 anos, ent\u00e3o sempre foi muito dif\u00edcil lidar com tecnologia, logo no in\u00edcio do curso quase desisti, mas gra\u00e7as \u00e0 ajuda dos colegas e instrutores nas atividades, descobri que conseguia fazer muito mais do que eu pensava\u201d.<\/p>\n<p><strong>Conhe\u00e7a o Unifap Digital<\/strong><\/p>\n<p>O Programa de Extens\u00e3o Unifap Digital, atrav\u00e9s do seu projeto Mais Cursos, visa ofertar cursos gratuitos de forma\u00e7\u00e3o e educa\u00e7\u00e3o em inform\u00e1tica b\u00e1sica para a comunidade acad\u00eamica e sociedade em geral de baixa renda. O Programa \u00e9 vinculado ao Departamento de Ci\u00eancias Exatas e Tecnol\u00f3gicas (DCET) e ao N\u00facleo de Tecnologia da Informa\u00e7\u00e3o (NTI) e faz parte de um projeto do Minist\u00e9rio das Comunica\u00e7\u00f5es (MCOM) que visa a forma\u00e7\u00e3o profissional de pessoas em vulnerabilidade social, por meio de cursos e oficinas direcionados a forma\u00e7\u00e3o em inform\u00e1tica, recupera\u00e7\u00e3o de equipamentos eletr\u00f4nicos e \u00e0 conscientiza\u00e7\u00e3o da sociedade para o descarte consciente de res\u00edduos eletr\u00f4nicos.<\/p>\n","protected":false},"excerpt":{"rendered":"<p>O evento contou com a presen\u00e7a de parceiros do Programa e dos alunos formandos do Projeto Mais Cursos Por Etienice Silva\u00a0 Na \u00faltima quarta-feira (5), o Programa de Extens\u00e3o Unifap Digital realizou a cerim\u00f4nia de certifica\u00e7\u00e3o dos alunos dos concluintes dos cursos ofertados pelo seu projeto Mais Cursos. A cerim\u00f4nia de certifica\u00e7\u00e3o foi um momento&#8230;<\/p>\n","protected":false},"author":3982,"featured_media":667,"comment_status":"open","ping_status":"open","sticky":false,"template":"","format":"standard","meta":{"inline_featured_image":false,"ngg_post_thumbnail":0,"footnotes":""},"categories":[1],"tags":[8,13,12,11],"class_list":["post-659","post","type-post","status-publish","format-standard","has-post-thumbnail","hentry","category-noticia","tag-crc","tag-doacao-de-computadores","tag-formatura","tag-unifap-digital","entry","has-media"],"_links":{"self":[{"href":"https:\/\/www2.unifap.br\/crc\/wp-json\/wp\/v2\/posts\/659","targetHints":{"allow":["GET"]}}],"collection":[{"href":"https:\/\/www2.unifap.br\/crc\/wp-json\/wp\/v2\/posts"}],"about":[{"href":"https:\/\/www2.unifap.br\/crc\/wp-json\/wp\/v2\/types\/post"}],"author":[{"embeddable":true,"href":"https:\/\/www2.unifap.br\/crc\/wp-json\/wp\/v2\/users\/3982"}],"replies":[{"embeddable":true,"href":"https:\/\/www2.unifap.br\/crc\/wp-json\/wp\/v2\/comments?post=659"}],"version-history":[{"count":4,"href":"https:\/\/www2.unifap.br\/crc\/wp-json\/wp\/v2\/posts\/659\/revisions"}],"predecessor-version":[{"id":719,"href":"https:\/\/www2.unifap.br\/crc\/wp-json\/wp\/v2\/posts\/659\/revisions\/719"}],"wp:featuredmedia":[{"embeddable":true,"href":"https:\/\/www2.unifap.br\/crc\/wp-json\/wp\/v2\/media\/667"}],"wp:attachment":[{"href":"https:\/\/www2.unifap.br\/crc\/wp-json\/wp\/v2\/media?parent=659"}],"wp:term":[{"taxonomy":"category","embeddable":true,"href":"https:\/\/www2.unifap.br\/crc\/wp-json\/wp\/v2\/categories?post=659"},{"taxonomy":"post_tag","embeddable":true,"href":"https:\/\/www2.unifap.br\/crc\/wp-json\/wp\/v2\/tags?post=659"}],"curies":[{"name":"wp","href":"https:\/\/api.w.org\/{rel}","templated":true}]}}