{"id":8062,"date":"2025-04-30T15:23:36","date_gmt":"2025-04-30T18:23:36","guid":{"rendered":"https:\/\/www2.unifap.br\/dace\/?p=8062"},"modified":"2025-04-30T17:08:25","modified_gmt":"2025-04-30T20:08:25","slug":"comunicado-interrupcao-das-atividades-do-restaurante-universitario-ru-unifap-no-dia-do-trabalhador","status":"publish","type":"post","link":"https:\/\/www2.unifap.br\/dace\/archives\/8062","title":{"rendered":"COMUNICADO &#8211; FUNCIONAMENTO DO RU &#8211; Feriado de 1\u00ba de Maio e Ponto Facultativo \u2013 02\/05"},"content":{"rendered":"\t\t<div data-elementor-type=\"wp-post\" data-elementor-id=\"8062\" class=\"elementor elementor-8062\">\n\t\t\t\t\t\t<section class=\"elementor-section elementor-top-section elementor-element elementor-element-503cdbc elementor-section-boxed elementor-section-height-default elementor-section-height-default\" data-id=\"503cdbc\" data-element_type=\"section\" data-e-type=\"section\">\n\t\t\t\t\t\t<div class=\"elementor-container elementor-column-gap-default\">\n\t\t\t\t\t<div class=\"elementor-column elementor-col-100 elementor-top-column elementor-element elementor-element-696f5d5\" data-id=\"696f5d5\" data-element_type=\"column\" data-e-type=\"column\">\n\t\t\t<div class=\"elementor-widget-wrap elementor-element-populated\">\n\t\t\t\t\t\t<div class=\"elementor-element elementor-element-780e1a0 elementor-widget elementor-widget-text-editor\" data-id=\"780e1a0\" data-element_type=\"widget\" data-e-type=\"widget\" data-widget_type=\"text-editor.default\">\n\t\t\t\t<div class=\"elementor-widget-container\">\n\t\t\t\t\t\t\t\t\t<p>A <strong>PROEAC<\/strong> informa que, conforme o Memorando Circular n\u00ba 27\/2025 \u2013 PROGEP, ser\u00e1 feriado nacional no dia <strong>1\u00ba de maio (quinta-feira)<\/strong>, em comemora\u00e7\u00e3o ao Dia do Trabalhador, e ponto facultativo no dia <strong>2 de maio (sexta-feira)<\/strong>. Dessa forma, o <strong>Restaurante Universit\u00e1rio (RU) n\u00e3o funcionar\u00e1 em ambos os dias.<\/strong><\/p><p>\ud83d\udd01 As atividades do RU ser\u00e3o <strong>retomadas na segunda-feira<\/strong>, <strong>05 de maio<\/strong>, com hor\u00e1rios reduzidos, conforme o per\u00edodo de recesso acad\u00eamico (28\/04 a 12\/05):<\/p><ul><li>Desjejum: 08h \u00e0s 09h<\/li><li>Almo\u00e7o: 12h \u00e0s 13:30h<\/li><li>Jantar: 18h \u00e0s 19h<\/li><\/ul><p>O funcionamento normal ser\u00e1 retomado ap\u00f3s o t\u00e9rmino do recesso.<\/p><p><strong data-start=\"960\" data-end=\"994\">Macap\u00e1-AP, 30 de abril de 2025<\/strong><br data-start=\"994\" data-end=\"997\" \/><a href=\"https:\/\/www.unifap.br\/\">Universidade Federal do Amap\u00e1 (UNIFAP)<\/a><br \/><a href=\"https:\/\/www2.unifap.br\/proeac\/\">Pr\u00f3-Reitoria de Extens\u00e3o e A\u00e7\u00f5es Comunit\u00e1rias e Estudantis (PROEAC)<\/a><br \/><a href=\"https:\/\/www2.unifap.br\/dace\/\">Departamento de A\u00e7\u00f5es Comunit\u00e1rias e Estudantis (DACE)<\/a><\/p><ul><li data-start=\"960\" data-end=\"1112\"><a href=\"http:\/\/www2.unifap.br\/proeac\/files\/2025\/04\/Feriado-e-Ponto-Facultativo_maio_2025.pdf\">MEMORANDO CIRCULAR N\u00ba 27\/2025<\/a><\/li><\/ul>\t\t\t\t\t\t\t\t<\/div>\n\t\t\t\t<\/div>\n\t\t\t\t\t<\/div>\n\t\t<\/div>\n\t\t\t\t\t<\/div>\n\t\t<\/section>\n\t\t\t\t<\/div>\n\t\t","protected":false},"excerpt":{"rendered":"<p>A PROEAC informa que, conforme o Memorando Circular n\u00ba 27\/2025 \u2013 PROGEP, ser\u00e1 feriado nacional no dia 1\u00ba de maio&#8230;<\/p>\n","protected":false},"author":4033,"featured_media":8081,"comment_status":"closed","ping_status":"closed","sticky":false,"template":"","format":"standard","meta":{"inline_featured_image":false,"site-sidebar-layout":"default","site-content-layout":"","ast-site-content-layout":"default","site-content-style":"default","site-sidebar-style":"default","ast-global-header-display":"","ast-banner-title-visibility":"","ast-main-header-display":"","ast-hfb-above-header-display":"","ast-hfb-below-header-display":"","ast-hfb-mobile-header-display":"","site-post-title":"","ast-breadcrumbs-content":"","ast-featured-img":"","footer-sml-layout":"","theme-transparent-header-meta":"default","adv-header-id-meta":"","stick-header-meta":"","header-above-stick-meta":"","header-main-stick-meta":"","header-below-stick-meta":"","astra-migrate-meta-layouts":"set","ast-page-background-enabled":"default","ast-page-background-meta":{"desktop":{"background-color":"var(--ast-global-color-4)","background-image":"","background-repeat":"repeat","background-position":"center center","background-size":"auto","background-attachment":"scroll","background-type":"","background-media":"","overlay-type":"","overlay-color":"","overlay-opacity":"","overlay-gradient":""},"tablet":{"background-color":"","background-image":"","background-repeat":"repeat","background-position":"center center","background-size":"auto","background-attachment":"scroll","background-type":"","background-media":"","overlay-type":"","overlay-color":"","overlay-opacity":"","overlay-gradient":""},"mobile":{"background-color":"","background-image":"","background-repeat":"repeat","background-position":"center center","background-size":"auto","background-attachment":"scroll","background-type":"","background-media":"","overlay-type":"","overlay-color":"","overlay-opacity":"","overlay-gradient":""}},"ast-content-background-meta":{"desktop":{"background-color":"var(--ast-global-color-5)","background-image":"","background-repeat":"repeat","background-position":"center center","background-size":"auto","background-attachment":"scroll","background-type":"","background-media":"","overlay-type":"","overlay-color":"","overlay-opacity":"","overlay-gradient":""},"tablet":{"background-color":"var(--ast-global-color-5)","background-image":"","background-repeat":"repeat","background-position":"center center","background-size":"auto","background-attachment":"scroll","background-type":"","background-media":"","overlay-type":"","overlay-color":"","overlay-opacity":"","overlay-gradient":""},"mobile":{"background-color":"var(--ast-global-color-5)","background-image":"","background-repeat":"repeat","background-position":"center center","background-size":"auto","background-attachment":"scroll","background-type":"","background-media":"","overlay-type":"","overlay-color":"","overlay-opacity":"","overlay-gradient":""}},"ngg_post_thumbnail":0,"footnotes":""},"categories":[16],"tags":[],"class_list":["post-8062","post","type-post","status-publish","format-standard","has-post-thumbnail","hentry","category-comunicado"],"_links":{"self":[{"href":"https:\/\/www2.unifap.br\/dace\/wp-json\/wp\/v2\/posts\/8062","targetHints":{"allow":["GET"]}}],"collection":[{"href":"https:\/\/www2.unifap.br\/dace\/wp-json\/wp\/v2\/posts"}],"about":[{"href":"https:\/\/www2.unifap.br\/dace\/wp-json\/wp\/v2\/types\/post"}],"author":[{"embeddable":true,"href":"https:\/\/www2.unifap.br\/dace\/wp-json\/wp\/v2\/users\/4033"}],"replies":[{"embeddable":true,"href":"https:\/\/www2.unifap.br\/dace\/wp-json\/wp\/v2\/comments?post=8062"}],"version-history":[{"count":19,"href":"https:\/\/www2.unifap.br\/dace\/wp-json\/wp\/v2\/posts\/8062\/revisions"}],"predecessor-version":[{"id":8085,"href":"https:\/\/www2.unifap.br\/dace\/wp-json\/wp\/v2\/posts\/8062\/revisions\/8085"}],"wp:featuredmedia":[{"embeddable":true,"href":"https:\/\/www2.unifap.br\/dace\/wp-json\/wp\/v2\/media\/8081"}],"wp:attachment":[{"href":"https:\/\/www2.unifap.br\/dace\/wp-json\/wp\/v2\/media?parent=8062"}],"wp:term":[{"taxonomy":"category","embeddable":true,"href":"https:\/\/www2.unifap.br\/dace\/wp-json\/wp\/v2\/categories?post=8062"},{"taxonomy":"post_tag","embeddable":true,"href":"https:\/\/www2.unifap.br\/dace\/wp-json\/wp\/v2\/tags?post=8062"}],"curies":[{"name":"wp","href":"https:\/\/api.w.org\/{rel}","templated":true}]}}