{"id":8093,"date":"2025-05-06T17:17:40","date_gmt":"2025-05-06T20:17:40","guid":{"rendered":"https:\/\/www2.unifap.br\/dace\/?p=8093"},"modified":"2025-05-06T17:19:59","modified_gmt":"2025-05-06T20:19:59","slug":"suspensao-de-auxilios-estudantis-maio-2025","status":"publish","type":"post","link":"https:\/\/www2.unifap.br\/dace\/archives\/8093","title":{"rendered":"Suspens\u00e3o de Aux\u00edlios Estudantis &#8211; Maio 2025"},"content":{"rendered":"\t\t<div data-elementor-type=\"wp-post\" data-elementor-id=\"8093\" class=\"elementor elementor-8093\">\n\t\t\t\t\t\t<section class=\"elementor-section elementor-top-section elementor-element elementor-element-73fbdff elementor-section-boxed elementor-section-height-default elementor-section-height-default\" data-id=\"73fbdff\" data-element_type=\"section\" data-e-type=\"section\">\n\t\t\t\t\t\t<div class=\"elementor-container elementor-column-gap-default\">\n\t\t\t\t\t<div class=\"elementor-column elementor-col-100 elementor-top-column elementor-element elementor-element-f6a1ba8\" data-id=\"f6a1ba8\" data-element_type=\"column\" data-e-type=\"column\">\n\t\t\t<div class=\"elementor-widget-wrap elementor-element-populated\">\n\t\t\t\t\t\t<div class=\"elementor-element elementor-element-a808e3a elementor-widget elementor-widget-text-editor\" data-id=\"a808e3a\" data-element_type=\"widget\" data-e-type=\"widget\" data-widget_type=\"text-editor.default\">\n\t\t\t\t<div class=\"elementor-widget-container\">\n\t\t\t\t\t\t\t\t\t<p class=\"\" data-start=\"303\" data-end=\"644\">A Pr\u00f3-Reitoria de Extens\u00e3o e A\u00e7\u00f5es Comunit\u00e1rias (PROEAC), por meio do Departamento de Assist\u00eancia e Acompanhamento ao Estudante (DACE), informa que, ap\u00f3s an\u00e1lise final da situa\u00e7\u00e3o acad\u00eamica dos(as) estudantes listados(as) no documento anexo, os aux\u00edlios estudantis ser\u00e3o <strong data-start=\"574\" data-end=\"607\">suspensos de forma definitiva<\/strong> a partir do m\u00eas de <strong data-start=\"627\" data-end=\"643\">maio de 2025<\/strong>.<\/p><p class=\"\" data-start=\"646\" data-end=\"899\">A suspens\u00e3o decorre do <strong data-start=\"669\" data-end=\"717\">n\u00e3o cumprimento dos crit\u00e9rios de perman\u00eancia<\/strong> no Programa de Assist\u00eancia Estudantil, conforme documenta\u00e7\u00e3o acad\u00eamica registrada, em conformidade com a <strong data-start=\"823\" data-end=\"856\">Resolu\u00e7\u00e3o n\u00ba 014\/2017 \u2013 CONSU<\/strong>, especialmente nos seguintes dispositivos:<\/p><ul data-start=\"901\" data-end=\"1272\"><li class=\"\" data-start=\"901\" data-end=\"1074\"><p class=\"\" data-start=\"903\" data-end=\"1074\">Estar regularmente matriculado(a) em, no m\u00ednimo, 4 (quatro) disciplinas, ou 1 (uma) disciplina no caso de Est\u00e1gio Curricular Obrigat\u00f3rio ou Trabalho de Conclus\u00e3o de Curso;<\/p><\/li><li class=\"\" data-start=\"1075\" data-end=\"1158\"><p class=\"\" data-start=\"1077\" data-end=\"1158\">Apresentar coeficiente de rendimento acad\u00eamico semestral igual ou superior a 50%;<\/p><\/li><li class=\"\" data-start=\"1159\" data-end=\"1272\"><p class=\"\" data-start=\"1161\" data-end=\"1272\">N\u00e3o ter sido reprovado(a) no semestre anterior em mais de uma disciplina ou por falta (o que ocorrer primeiro).<\/p><\/li><\/ul><p class=\"\" data-start=\"1274\" data-end=\"1397\">De acordo com o <strong data-start=\"1290\" data-end=\"1301\">Art. 27<\/strong> da referida resolu\u00e7\u00e3o, o cancelamento ou suspens\u00e3o dos benef\u00edcios ocorre quando o(a) estudante:<\/p><ul data-start=\"1398\" data-end=\"1519\"><li class=\"\" data-start=\"1398\" data-end=\"1495\"><p class=\"\" data-start=\"1400\" data-end=\"1495\">Descumprir um dos crit\u00e9rios de perman\u00eancia estabelecidos nos editais e\/ou Termo de Compromisso;<\/p><\/li><li class=\"\" data-start=\"1496\" data-end=\"1519\"><p class=\"\" data-start=\"1498\" data-end=\"1519\">Integralizar o curso.<\/p><\/li><\/ul><p class=\"\" data-start=\"1521\" data-end=\"1578\">\u26a0\ufe0f <strong data-start=\"1523\" data-end=\"1578\">A presente decis\u00e3o \u00e9 definitiva e n\u00e3o cabe recurso.<\/strong><\/p><p class=\"\" data-start=\"841\" data-end=\"944\">A lista com os nomes dos estudantes que tiveram os aux\u00edlios suspensos pode ser acessada no link abaixo:<\/p><p class=\"\" data-start=\"946\" data-end=\"1027\">\ud83d\udcc4 <a class=\"\" href=\"http:\/\/www2.unifap.br\/dace\/files\/2025\/05\/LISTA_-_SUSPENSAO_DEFINITIVA_DOS_AUXILIOS-ESTUDANTIS.pdf\" rel=\"noopener\" data-start=\"949\" data-end=\"1027\">Clique aqui para acessar a lista de benefici\u00e1rios com aux\u00edlios suspensos.<\/a><\/p><p class=\"\" data-start=\"1580\" data-end=\"1824\">A Resolu\u00e7\u00e3o completa est\u00e1 dispon\u00edvel para consulta no link:<br data-start=\"1639\" data-end=\"1642\" \/><a class=\"\" href=\"https:\/\/www2.unifap.br\/dace\/files\/2025\/03\/Resolucao_n_14-2017_Politica_AssistenciaEstudantil_-_Regulamento.pdf\" target=\"_new\" rel=\"noopener\" data-start=\"1642\" data-end=\"1824\">Resolu\u00e7\u00e3o n\u00ba 014\/2017 \u2013 Pol\u00edtica de Assist\u00eancia Estudantil da UNIFAP<\/a><\/p><p data-start=\"1192\" data-end=\"1280\">Atenciosamente,<br \/><a href=\"https:\/\/www.unifap.br\/\">Universidade Federal do Amap\u00e1 (UNIFAP)<\/a><br \/><a href=\"https:\/\/www2.unifap.br\/proeac\/\">Pr\u00f3-Reitoria de Extens\u00e3o e A\u00e7\u00f5es Comunit\u00e1rias e Estudantis (PROEAC)<\/a><br \/><a href=\"https:\/\/www2.unifap.br\/dace\/\">Departamento de A\u00e7\u00f5es Comunit\u00e1rias e Estudantis (DACE)<\/a><\/p><hr \/><ul><li data-start=\"1192\" data-end=\"1280\"><a href=\"http:\/\/www2.unifap.br\/dace\/files\/2025\/05\/MEMORANDO_CIRCULAR-N_28-2025_-_DACE_-_SIPAC_SUSPENSAO_DOS_AUXILIOS.pdf\">MEMORANDO_CIRCULAR N_28-2025_-_DACE_-_SIPAC_SUSPENS\u00c3O_DOS_AUX\u00cdLIOS<\/a><\/li><li data-start=\"1192\" data-end=\"1280\"><a href=\"http:\/\/www2.unifap.br\/dace\/files\/2025\/05\/LISTA_-_SUSPENSAO_DEFINITIVA_DOS_AUXILIOS-ESTUDANTIS.pdf\">LISTA_-_SUSPENS\u00c3O_DEFINITIVA_DOS_AUX\u00cdLIOS ESTUDANTIS<\/a><\/li><li data-start=\"1192\" data-end=\"1280\"><a class=\"\" href=\"https:\/\/www2.unifap.br\/dace\/files\/2025\/03\/Resolucao_n_14-2017_Politica_AssistenciaEstudantil_-_Regulamento.pdf\" target=\"_new\" rel=\"noopener\" data-start=\"1642\" data-end=\"1824\">Resolu\u00e7\u00e3o n\u00ba 014\/2017 \u2013 Pol\u00edtica de Assist\u00eancia Estudantil da UNIFAP<\/a><\/li><\/ul>\t\t\t\t\t\t\t\t<\/div>\n\t\t\t\t<\/div>\n\t\t\t\t\t<\/div>\n\t\t<\/div>\n\t\t\t\t\t<\/div>\n\t\t<\/section>\n\t\t\t\t<\/div>\n\t\t","protected":false},"excerpt":{"rendered":"<p>A Pr\u00f3-Reitoria de Extens\u00e3o e A\u00e7\u00f5es Comunit\u00e1rias (PROEAC), por meio do Departamento de Assist\u00eancia e Acompanhamento ao Estudante (DACE), informa&#8230;<\/p>\n","protected":false},"author":2504,"featured_media":8102,"comment_status":"closed","ping_status":"closed","sticky":false,"template":"","format":"standard","meta":{"inline_featured_image":false,"site-sidebar-layout":"default","site-content-layout":"","ast-site-content-layout":"default","site-content-style":"default","site-sidebar-style":"default","ast-global-header-display":"","ast-banner-title-visibility":"","ast-main-header-display":"","ast-hfb-above-header-display":"","ast-hfb-below-header-display":"","ast-hfb-mobile-header-display":"","site-post-title":"","ast-breadcrumbs-content":"","ast-featured-img":"","footer-sml-layout":"","theme-transparent-header-meta":"","adv-header-id-meta":"","stick-header-meta":"","header-above-stick-meta":"","header-main-stick-meta":"","header-below-stick-meta":"","astra-migrate-meta-layouts":"default","ast-page-background-enabled":"default","ast-page-background-meta":{"desktop":{"background-color":"var(--ast-global-color-4)","background-image":"","background-repeat":"repeat","background-position":"center center","background-size":"auto","background-attachment":"scroll","background-type":"","background-media":"","overlay-type":"","overlay-color":"","overlay-opacity":"","overlay-gradient":""},"tablet":{"background-color":"","background-image":"","background-repeat":"repeat","background-position":"center center","background-size":"auto","background-attachment":"scroll","background-type":"","background-media":"","overlay-type":"","overlay-color":"","overlay-opacity":"","overlay-gradient":""},"mobile":{"background-color":"","background-image":"","background-repeat":"repeat","background-position":"center center","background-size":"auto","background-attachment":"scroll","background-type":"","background-media":"","overlay-type":"","overlay-color":"","overlay-opacity":"","overlay-gradient":""}},"ast-content-background-meta":{"desktop":{"background-color":"var(--ast-global-color-5)","background-image":"","background-repeat":"repeat","background-position":"center center","background-size":"auto","background-attachment":"scroll","background-type":"","background-media":"","overlay-type":"","overlay-color":"","overlay-opacity":"","overlay-gradient":""},"tablet":{"background-color":"var(--ast-global-color-5)","background-image":"","background-repeat":"repeat","background-position":"center center","background-size":"auto","background-attachment":"scroll","background-type":"","background-media":"","overlay-type":"","overlay-color":"","overlay-opacity":"","overlay-gradient":""},"mobile":{"background-color":"var(--ast-global-color-5)","background-image":"","background-repeat":"repeat","background-position":"center center","background-size":"auto","background-attachment":"scroll","background-type":"","background-media":"","overlay-type":"","overlay-color":"","overlay-opacity":"","overlay-gradient":""}},"ngg_post_thumbnail":0,"footnotes":""},"categories":[5],"tags":[],"class_list":["post-8093","post","type-post","status-publish","format-standard","has-post-thumbnail","hentry","category-noticias"],"_links":{"self":[{"href":"https:\/\/www2.unifap.br\/dace\/wp-json\/wp\/v2\/posts\/8093","targetHints":{"allow":["GET"]}}],"collection":[{"href":"https:\/\/www2.unifap.br\/dace\/wp-json\/wp\/v2\/posts"}],"about":[{"href":"https:\/\/www2.unifap.br\/dace\/wp-json\/wp\/v2\/types\/post"}],"author":[{"embeddable":true,"href":"https:\/\/www2.unifap.br\/dace\/wp-json\/wp\/v2\/users\/2504"}],"replies":[{"embeddable":true,"href":"https:\/\/www2.unifap.br\/dace\/wp-json\/wp\/v2\/comments?post=8093"}],"version-history":[{"count":9,"href":"https:\/\/www2.unifap.br\/dace\/wp-json\/wp\/v2\/posts\/8093\/revisions"}],"predecessor-version":[{"id":8105,"href":"https:\/\/www2.unifap.br\/dace\/wp-json\/wp\/v2\/posts\/8093\/revisions\/8105"}],"wp:featuredmedia":[{"embeddable":true,"href":"https:\/\/www2.unifap.br\/dace\/wp-json\/wp\/v2\/media\/8102"}],"wp:attachment":[{"href":"https:\/\/www2.unifap.br\/dace\/wp-json\/wp\/v2\/media?parent=8093"}],"wp:term":[{"taxonomy":"category","embeddable":true,"href":"https:\/\/www2.unifap.br\/dace\/wp-json\/wp\/v2\/categories?post=8093"},{"taxonomy":"post_tag","embeddable":true,"href":"https:\/\/www2.unifap.br\/dace\/wp-json\/wp\/v2\/tags?post=8093"}],"curies":[{"name":"wp","href":"https:\/\/api.w.org\/{rel}","templated":true}]}}