{"id":8699,"date":"2025-09-10T13:48:12","date_gmt":"2025-09-10T16:48:12","guid":{"rendered":"https:\/\/www2.unifap.br\/dace\/?p=8699"},"modified":"2025-09-10T14:13:36","modified_gmt":"2025-09-10T17:13:36","slug":"comunicado-memorando-circular-no-66-2025-proeac","status":"publish","type":"post","link":"https:\/\/www2.unifap.br\/dace\/archives\/8699","title":{"rendered":"An\u00e1lise de Perman\u00eancia dos Discentes \u2013 PROEAC (Setembro\/2025)"},"content":{"rendered":"\t\t<div data-elementor-type=\"wp-post\" data-elementor-id=\"8699\" class=\"elementor elementor-8699\">\n\t\t\t\t\t\t<section class=\"elementor-section elementor-top-section elementor-element elementor-element-a14f77b elementor-section-boxed elementor-section-height-default elementor-section-height-default\" data-id=\"a14f77b\" data-element_type=\"section\" data-e-type=\"section\">\n\t\t\t\t\t\t<div class=\"elementor-container elementor-column-gap-default\">\n\t\t\t\t\t<div class=\"elementor-column elementor-col-100 elementor-top-column elementor-element elementor-element-47ce5dd\" data-id=\"47ce5dd\" data-element_type=\"column\" data-e-type=\"column\">\n\t\t\t<div class=\"elementor-widget-wrap elementor-element-populated\">\n\t\t\t\t\t\t<div class=\"elementor-element elementor-element-d29f148 elementor-widget elementor-widget-text-editor\" data-id=\"d29f148\" data-element_type=\"widget\" data-e-type=\"widget\" data-widget_type=\"text-editor.default\">\n\t\t\t\t<div class=\"elementor-widget-container\">\n\t\t\t\t\t\t\t\t\t<p data-start=\"172\" data-end=\"493\">A <strong data-start=\"174\" data-end=\"232\">Pr\u00f3-Reitoria de Extens\u00e3o e A\u00e7\u00f5es Comunit\u00e1rias (PROEAC)<\/strong>, por meio do <strong data-start=\"246\" data-end=\"314\">Departamento de Assist\u00eancia e Acompanhamento ao Estudante (DACE)<\/strong>, informa que, no m\u00eas de <strong data-start=\"339\" data-end=\"359\">setembro de 2025<\/strong>, ser\u00e1 realizada a <strong data-start=\"378\" data-end=\"404\">An\u00e1lise de Perman\u00eancia<\/strong> da situa\u00e7\u00e3o acad\u00eamica dos(as) estudantes que ingressaram <strong data-start=\"462\" data-end=\"490\">antes do semestre 2024.2<\/strong>.<\/p><p data-start=\"495\" data-end=\"721\">O objetivo desta a\u00e7\u00e3o \u00e9 identificar os(as) acad\u00eamicos(as) que n\u00e3o atendem aos crit\u00e9rios de perman\u00eancia do <strong data-start=\"601\" data-end=\"656\">Programa Nacional de Assist\u00eancia Estudantil \u2013 PNAES<\/strong>, conforme estabelecido pela <strong data-start=\"685\" data-end=\"718\">Resolu\u00e7\u00e3o n\u00ba 014\/2017 \u2013 CONSU<\/strong>.<\/p><h3 data-start=\"723\" data-end=\"767\">\ud83d\udccc Crit\u00e9rios de Perman\u00eancia (Art. 26):<\/h3><ul data-start=\"768\" data-end=\"1166\"><li data-start=\"768\" data-end=\"956\"><p data-start=\"770\" data-end=\"956\">Estar regularmente matriculado(a) em, no m\u00ednimo, <strong data-start=\"819\" data-end=\"846\">04 (quatro) disciplinas<\/strong>, ou em <strong data-start=\"854\" data-end=\"877\">01 (uma) disciplina<\/strong> no caso de Est\u00e1gio Curricular Obrigat\u00f3rio ou Trabalho de Conclus\u00e3o de Curso;<\/p><\/li><li data-start=\"957\" data-end=\"1046\"><p data-start=\"959\" data-end=\"1046\">Apresentar <strong data-start=\"970\" data-end=\"1043\">coeficiente de rendimento acad\u00eamico semestral igual ou superior a 50%<\/strong>;<\/p><\/li><li data-start=\"1047\" data-end=\"1166\"><p data-start=\"1049\" data-end=\"1166\">N\u00e3o ter sido reprovado(a) no semestre anterior em <strong data-start=\"1099\" data-end=\"1125\">mais de uma disciplina<\/strong> ou por falta (o que ocorrer primeiro).<\/p><\/li><\/ul><h3 data-start=\"1168\" data-end=\"1228\">\ud83d\udccc Cancelamento ou Suspens\u00e3o dos Benef\u00edcios (Art. 27):<\/h3><p data-start=\"1229\" data-end=\"1260\">Ocorre quando o(a) estudante:<\/p><ul data-start=\"1261\" data-end=\"1386\"><li data-start=\"1261\" data-end=\"1360\"><p data-start=\"1263\" data-end=\"1360\">Descumprir um dos crit\u00e9rios de perman\u00eancia estabelecidos nos editais e\/ou Termo de Compromisso;<\/p><\/li><li data-start=\"1361\" data-end=\"1386\"><p data-start=\"1363\" data-end=\"1386\">Integralizar o curso.<\/p><\/li><\/ul><p data-start=\"1388\" data-end=\"1559\">\ud83d\udcc4 <strong data-start=\"1391\" data-end=\"1433\">Memorando Circular n\u00ba 66\/2025 \u2013 PROEAC<\/strong><br data-start=\"1433\" data-end=\"1436\" \/>Emitido em: <strong data-start=\"1448\" data-end=\"1474\">09 de setembro de 2025<\/strong><br data-start=\"1474\" data-end=\"1477\" \/>Assinado por: <strong data-start=\"1491\" data-end=\"1523\">Robert Ronald Maguina Zamora<\/strong> \u2013 Pr\u00f3-Reitor(a) Titular da PROEAC<\/p><p data-start=\"1561\" data-end=\"1690\">\ud83d\udd17 O documento original pode ser visualizado no link abaixo:<\/p><ul><li data-start=\"1561\" data-end=\"1690\"><a href=\"http:\/\/www2.unifap.br\/dace\/files\/2025\/09\/MEMORANDO-CIRCULAR-No-66-2025-PROEAC.pdf\">Memorando Circular n\u00ba 66\/2025 \u2013 PROEAC<\/a><\/li><\/ul>\t\t\t\t\t\t\t\t<\/div>\n\t\t\t\t<\/div>\n\t\t\t\t\t<\/div>\n\t\t<\/div>\n\t\t\t\t\t<\/div>\n\t\t<\/section>\n\t\t\t\t<\/div>\n\t\t","protected":false},"excerpt":{"rendered":"<p>A Pr\u00f3-Reitoria de Extens\u00e3o e A\u00e7\u00f5es Comunit\u00e1rias (PROEAC), por meio do Departamento de Assist\u00eancia e Acompanhamento ao Estudante (DACE), informa&#8230;<\/p>\n","protected":false},"author":2504,"featured_media":8701,"comment_status":"closed","ping_status":"closed","sticky":false,"template":"","format":"standard","meta":{"inline_featured_image":false,"site-sidebar-layout":"default","site-content-layout":"","ast-site-content-layout":"default","site-content-style":"default","site-sidebar-style":"default","ast-global-header-display":"","ast-banner-title-visibility":"","ast-main-header-display":"","ast-hfb-above-header-display":"","ast-hfb-below-header-display":"","ast-hfb-mobile-header-display":"","site-post-title":"","ast-breadcrumbs-content":"","ast-featured-img":"","footer-sml-layout":"","theme-transparent-header-meta":"default","adv-header-id-meta":"","stick-header-meta":"","header-above-stick-meta":"","header-main-stick-meta":"","header-below-stick-meta":"","astra-migrate-meta-layouts":"set","ast-page-background-enabled":"default","ast-page-background-meta":{"desktop":{"background-color":"var(--ast-global-color-4)","background-image":"","background-repeat":"repeat","background-position":"center center","background-size":"auto","background-attachment":"scroll","background-type":"","background-media":"","overlay-type":"","overlay-color":"","overlay-opacity":"","overlay-gradient":""},"tablet":{"background-color":"","background-image":"","background-repeat":"repeat","background-position":"center center","background-size":"auto","background-attachment":"scroll","background-type":"","background-media":"","overlay-type":"","overlay-color":"","overlay-opacity":"","overlay-gradient":""},"mobile":{"background-color":"","background-image":"","background-repeat":"repeat","background-position":"center center","background-size":"auto","background-attachment":"scroll","background-type":"","background-media":"","overlay-type":"","overlay-color":"","overlay-opacity":"","overlay-gradient":""}},"ast-content-background-meta":{"desktop":{"background-color":"var(--ast-global-color-5)","background-image":"","background-repeat":"repeat","background-position":"center center","background-size":"auto","background-attachment":"scroll","background-type":"","background-media":"","overlay-type":"","overlay-color":"","overlay-opacity":"","overlay-gradient":""},"tablet":{"background-color":"var(--ast-global-color-5)","background-image":"","background-repeat":"repeat","background-position":"center center","background-size":"auto","background-attachment":"scroll","background-type":"","background-media":"","overlay-type":"","overlay-color":"","overlay-opacity":"","overlay-gradient":""},"mobile":{"background-color":"var(--ast-global-color-5)","background-image":"","background-repeat":"repeat","background-position":"center center","background-size":"auto","background-attachment":"scroll","background-type":"","background-media":"","overlay-type":"","overlay-color":"","overlay-opacity":"","overlay-gradient":""}},"ngg_post_thumbnail":0,"footnotes":""},"categories":[16],"tags":[24],"class_list":["post-8699","post","type-post","status-publish","format-standard","has-post-thumbnail","hentry","category-comunicado","tag-comunicadopnaes"],"_links":{"self":[{"href":"https:\/\/www2.unifap.br\/dace\/wp-json\/wp\/v2\/posts\/8699","targetHints":{"allow":["GET"]}}],"collection":[{"href":"https:\/\/www2.unifap.br\/dace\/wp-json\/wp\/v2\/posts"}],"about":[{"href":"https:\/\/www2.unifap.br\/dace\/wp-json\/wp\/v2\/types\/post"}],"author":[{"embeddable":true,"href":"https:\/\/www2.unifap.br\/dace\/wp-json\/wp\/v2\/users\/2504"}],"replies":[{"embeddable":true,"href":"https:\/\/www2.unifap.br\/dace\/wp-json\/wp\/v2\/comments?post=8699"}],"version-history":[{"count":16,"href":"https:\/\/www2.unifap.br\/dace\/wp-json\/wp\/v2\/posts\/8699\/revisions"}],"predecessor-version":[{"id":8718,"href":"https:\/\/www2.unifap.br\/dace\/wp-json\/wp\/v2\/posts\/8699\/revisions\/8718"}],"wp:featuredmedia":[{"embeddable":true,"href":"https:\/\/www2.unifap.br\/dace\/wp-json\/wp\/v2\/media\/8701"}],"wp:attachment":[{"href":"https:\/\/www2.unifap.br\/dace\/wp-json\/wp\/v2\/media?parent=8699"}],"wp:term":[{"taxonomy":"category","embeddable":true,"href":"https:\/\/www2.unifap.br\/dace\/wp-json\/wp\/v2\/categories?post=8699"},{"taxonomy":"post_tag","embeddable":true,"href":"https:\/\/www2.unifap.br\/dace\/wp-json\/wp\/v2\/tags?post=8699"}],"curies":[{"name":"wp","href":"https:\/\/api.w.org\/{rel}","templated":true}]}}