{"id":8851,"date":"2025-10-24T14:54:10","date_gmt":"2025-10-24T17:54:10","guid":{"rendered":"https:\/\/www2.unifap.br\/dace\/?p=8851"},"modified":"2025-10-24T15:05:55","modified_gmt":"2025-10-24T18:05:55","slug":"interrupcao-temporaria-dos-servicos-do-ru","status":"publish","type":"post","link":"https:\/\/www2.unifap.br\/dace\/archives\/8851","title":{"rendered":"Interrup\u00e7\u00e3o Tempor\u00e1ria dos Servi\u00e7os do RU"},"content":{"rendered":"\t\t<div data-elementor-type=\"wp-post\" data-elementor-id=\"8851\" class=\"elementor elementor-8851\">\n\t\t\t\t\t\t<section class=\"elementor-section elementor-top-section elementor-element elementor-element-83c50d2 elementor-section-boxed elementor-section-height-default elementor-section-height-default\" data-id=\"83c50d2\" data-element_type=\"section\" data-e-type=\"section\">\n\t\t\t\t\t\t<div class=\"elementor-container elementor-column-gap-default\">\n\t\t\t\t\t<div class=\"elementor-column elementor-col-100 elementor-top-column elementor-element elementor-element-f17bbca\" data-id=\"f17bbca\" data-element_type=\"column\" data-e-type=\"column\">\n\t\t\t<div class=\"elementor-widget-wrap elementor-element-populated\">\n\t\t\t\t\t\t<div class=\"elementor-element elementor-element-731e2bf elementor-widget elementor-widget-text-editor\" data-id=\"731e2bf\" data-element_type=\"widget\" data-e-type=\"widget\" data-widget_type=\"text-editor.default\">\n\t\t\t\t<div class=\"elementor-widget-container\">\n\t\t\t\t\t\t\t\t\t<p data-start=\"373\" data-end=\"650\">A Universidade Federal do Amap\u00e1 (UNIFAP) informa \u00e0 comunidade acad\u00eamica que <strong data-start=\"449\" data-end=\"536\">o Restaurante Universit\u00e1rio (RU) n\u00e3o funcionar\u00e1 nos dias 27 e 28 de outubro de 2025<\/strong>, em raz\u00e3o do <strong data-start=\"550\" data-end=\"571\">ponto facultativo<\/strong> e da <strong data-start=\"577\" data-end=\"628\">interrup\u00e7\u00e3o no fornecimento de energia el\u00e9trica<\/strong> no Campus Marco Zero.<\/p><p data-start=\"652\" data-end=\"1113\">A medida segue o disposto no <strong data-start=\"681\" data-end=\"723\">Memorando Circular n\u00ba 43\/2025 \u2013 PROGEP<\/strong>, que estabelece ponto facultativo no dia <strong data-start=\"765\" data-end=\"798\">27 de outubro (segunda-feira)<\/strong>, em comemora\u00e7\u00e3o ao <strong data-start=\"818\" data-end=\"845\">Dia do Servidor P\u00fablico<\/strong>, e comunica a <strong data-start=\"860\" data-end=\"909\">suspens\u00e3o do fornecimento de energia el\u00e9trica<\/strong> no dia <strong data-start=\"917\" data-end=\"948\">28 de outubro (ter\u00e7a-feira)<\/strong>, das <strong data-start=\"954\" data-end=\"967\">8h \u00e0s 20h<\/strong>, para a realiza\u00e7\u00e3o de <strong data-start=\"990\" data-end=\"1062\">manuten\u00e7\u00e3o urgente no disjuntor de m\u00e9dia tens\u00e3o da cabine de medi\u00e7\u00e3o<\/strong>, conforme informado pela Prefeitura Universit\u00e1ria.<\/p><p data-start=\"1115\" data-end=\"1231\">As atividades e servi\u00e7os do RU ser\u00e3o retomados normalmente a partir do <strong data-start=\"1186\" data-end=\"1230\">dia 29 de outubro de 2025 (quarta-feira)<\/strong>.<\/p><p data-start=\"1233\" data-end=\"1274\">A UNIFAP agradece a compreens\u00e3o de todos.<\/p><p data-start=\"1276\" data-end=\"1423\"><strong data-start=\"1276\" data-end=\"1312\">Macap\u00e1-AP, 24 de outubro de 2025<\/strong><br data-start=\"1312\" data-end=\"1315\" \/><strong data-start=\"1315\" data-end=\"1378\">Departamento de A\u00e7\u00f5es Comunit\u00e1ria e Estudantis (DACE)<br \/>Pr\u00f3-Reitoria de Assuntos Comunit\u00e1rios e Estudantis (PROEAC)<\/strong><br data-start=\"1378\" data-end=\"1381\" \/><strong data-start=\"1381\" data-end=\"1423\">Universidade Federal do Amap\u00e1 (UNIFAP)<\/strong><\/p><ul><li data-start=\"1276\" data-end=\"1423\"><a href=\"http:\/\/www2.unifap.br\/dace\/files\/2025\/10\/PONTO-FACULTATIVO.pdf\">PONTO FACULTATIVO<\/a><\/li><\/ul>\t\t\t\t\t\t\t\t<\/div>\n\t\t\t\t<\/div>\n\t\t\t\t\t<\/div>\n\t\t<\/div>\n\t\t\t\t\t<\/div>\n\t\t<\/section>\n\t\t\t\t<\/div>\n\t\t","protected":false},"excerpt":{"rendered":"<p>A Universidade Federal do Amap\u00e1 (UNIFAP) informa \u00e0 comunidade acad\u00eamica que o Restaurante Universit\u00e1rio (RU) n\u00e3o funcionar\u00e1 nos dias 27&#8230;<\/p>\n","protected":false},"author":2504,"featured_media":8852,"comment_status":"closed","ping_status":"closed","sticky":false,"template":"","format":"standard","meta":{"inline_featured_image":false,"site-sidebar-layout":"default","site-content-layout":"","ast-site-content-layout":"default","site-content-style":"default","site-sidebar-style":"default","ast-global-header-display":"","ast-banner-title-visibility":"","ast-main-header-display":"","ast-hfb-above-header-display":"","ast-hfb-below-header-display":"","ast-hfb-mobile-header-display":"","site-post-title":"","ast-breadcrumbs-content":"","ast-featured-img":"","footer-sml-layout":"","theme-transparent-header-meta":"default","adv-header-id-meta":"","stick-header-meta":"","header-above-stick-meta":"","header-main-stick-meta":"","header-below-stick-meta":"","astra-migrate-meta-layouts":"set","ast-page-background-enabled":"default","ast-page-background-meta":{"desktop":{"background-color":"var(--ast-global-color-4)","background-image":"","background-repeat":"repeat","background-position":"center center","background-size":"auto","background-attachment":"scroll","background-type":"","background-media":"","overlay-type":"","overlay-color":"","overlay-opacity":"","overlay-gradient":""},"tablet":{"background-color":"","background-image":"","background-repeat":"repeat","background-position":"center center","background-size":"auto","background-attachment":"scroll","background-type":"","background-media":"","overlay-type":"","overlay-color":"","overlay-opacity":"","overlay-gradient":""},"mobile":{"background-color":"","background-image":"","background-repeat":"repeat","background-position":"center center","background-size":"auto","background-attachment":"scroll","background-type":"","background-media":"","overlay-type":"","overlay-color":"","overlay-opacity":"","overlay-gradient":""}},"ast-content-background-meta":{"desktop":{"background-color":"var(--ast-global-color-5)","background-image":"","background-repeat":"repeat","background-position":"center center","background-size":"auto","background-attachment":"scroll","background-type":"","background-media":"","overlay-type":"","overlay-color":"","overlay-opacity":"","overlay-gradient":""},"tablet":{"background-color":"var(--ast-global-color-5)","background-image":"","background-repeat":"repeat","background-position":"center center","background-size":"auto","background-attachment":"scroll","background-type":"","background-media":"","overlay-type":"","overlay-color":"","overlay-opacity":"","overlay-gradient":""},"mobile":{"background-color":"var(--ast-global-color-5)","background-image":"","background-repeat":"repeat","background-position":"center center","background-size":"auto","background-attachment":"scroll","background-type":"","background-media":"","overlay-type":"","overlay-color":"","overlay-opacity":"","overlay-gradient":""}},"ngg_post_thumbnail":0,"footnotes":""},"categories":[16],"tags":[36],"class_list":["post-8851","post","type-post","status-publish","format-standard","has-post-thumbnail","hentry","category-comunicado","tag-comunicadoru"],"_links":{"self":[{"href":"https:\/\/www2.unifap.br\/dace\/wp-json\/wp\/v2\/posts\/8851","targetHints":{"allow":["GET"]}}],"collection":[{"href":"https:\/\/www2.unifap.br\/dace\/wp-json\/wp\/v2\/posts"}],"about":[{"href":"https:\/\/www2.unifap.br\/dace\/wp-json\/wp\/v2\/types\/post"}],"author":[{"embeddable":true,"href":"https:\/\/www2.unifap.br\/dace\/wp-json\/wp\/v2\/users\/2504"}],"replies":[{"embeddable":true,"href":"https:\/\/www2.unifap.br\/dace\/wp-json\/wp\/v2\/comments?post=8851"}],"version-history":[{"count":4,"href":"https:\/\/www2.unifap.br\/dace\/wp-json\/wp\/v2\/posts\/8851\/revisions"}],"predecessor-version":[{"id":8857,"href":"https:\/\/www2.unifap.br\/dace\/wp-json\/wp\/v2\/posts\/8851\/revisions\/8857"}],"wp:featuredmedia":[{"embeddable":true,"href":"https:\/\/www2.unifap.br\/dace\/wp-json\/wp\/v2\/media\/8852"}],"wp:attachment":[{"href":"https:\/\/www2.unifap.br\/dace\/wp-json\/wp\/v2\/media?parent=8851"}],"wp:term":[{"taxonomy":"category","embeddable":true,"href":"https:\/\/www2.unifap.br\/dace\/wp-json\/wp\/v2\/categories?post=8851"},{"taxonomy":"post_tag","embeddable":true,"href":"https:\/\/www2.unifap.br\/dace\/wp-json\/wp\/v2\/tags?post=8851"}],"curies":[{"name":"wp","href":"https:\/\/api.w.org\/{rel}","templated":true}]}}