{"id":8943,"date":"2025-11-21T18:27:42","date_gmt":"2025-11-21T21:27:42","guid":{"rendered":"https:\/\/www2.unifap.br\/dace\/?p=8943"},"modified":"2025-11-21T18:39:22","modified_gmt":"2025-11-21T21:39:22","slug":"comunicado-programa-de-bolsa-permanencia-do-mec-estudantes-indigenas-e-quilombolas","status":"publish","type":"post","link":"https:\/\/www2.unifap.br\/dace\/archives\/8943","title":{"rendered":"COMUNICADO \u2013 PROGRAMA DE BOLSA PERMAN\u00caNCIA DO MEC (Estudantes Ind\u00edgenas e Quilombolas)"},"content":{"rendered":"\t\t<div data-elementor-type=\"wp-post\" data-elementor-id=\"8943\" class=\"elementor elementor-8943\">\n\t\t\t\t\t\t<section class=\"elementor-section elementor-top-section elementor-element elementor-element-ec6ddf1 elementor-section-boxed elementor-section-height-default elementor-section-height-default\" data-id=\"ec6ddf1\" data-element_type=\"section\" data-e-type=\"section\">\n\t\t\t\t\t\t<div class=\"elementor-container elementor-column-gap-default\">\n\t\t\t\t\t<div class=\"elementor-column elementor-col-100 elementor-top-column elementor-element elementor-element-a34273d\" data-id=\"a34273d\" data-element_type=\"column\" data-e-type=\"column\">\n\t\t\t<div class=\"elementor-widget-wrap elementor-element-populated\">\n\t\t\t\t\t\t<div class=\"elementor-element elementor-element-2be5437 elementor-widget elementor-widget-text-editor\" data-id=\"2be5437\" data-element_type=\"widget\" data-e-type=\"widget\" data-widget_type=\"text-editor.default\">\n\t\t\t\t<div class=\"elementor-widget-container\">\n\t\t\t\t\t\t\t\t\t<p class=\"isSelectedEnd\">A Pr\u00f3-Reitoria de Extens\u00e3o e A\u00e7\u00f5es Comunit\u00e1rias (PROEAC), por meio do Departamento de Assist\u00eancia e Acompanhamento ao Estudante (DACE), torna p\u00fablico o resultado da An\u00e1lise de Perman\u00eancia referente \u00e0 situa\u00e7\u00e3o acad\u00eamica dos(as) estudantes ingressos em per\u00edodos anteriores ao semestre 2024.2, vinculados ao Programa de Bolsa Perman\u00eancia do MEC, destinado exclusivamente a alunos ind\u00edgenas e quilombolas.<\/p><p class=\"isSelectedEnd\">A avalia\u00e7\u00e3o teve como objetivo verificar o cumprimento das exig\u00eancias acad\u00eamicas estabelecidas pelo Programa e pelas normativas internas da UNIFAP.<\/p><p class=\"isSelectedEnd\">Os(as) estudantes que foram classificados(as) como <strong>INAPTO(A)<\/strong> ter\u00e3o o prazo de <strong>5 (cinco) dias \u00fateis<\/strong> para apresentar recurso, caso discordem do resultado. O recurso dever\u00e1 ser enviado <strong>exclusivamente para o e-mail: <\/strong><a><strong>dace@unifap.br<\/strong><\/a>.<\/p><p class=\"isSelectedEnd\">Foram considerados na an\u00e1lise os seguintes crit\u00e9rios:<\/p><ul data-spread=\"false\"><li><p class=\"isSelectedEnd\">Estar em tempo de curso, de acordo com o registro acad\u00eamico institucional;<\/p><\/li><li><p class=\"isSelectedEnd\">N\u00e3o apresentar reten\u00e7\u00e3o em mais de um componente curricular;<\/p><\/li><li><p class=\"isSelectedEnd\">Estar regularmente matriculado(a) em, no m\u00ednimo, <strong>quatro (4)<\/strong> componentes curriculares no semestre vigente.<\/p><\/li><\/ul><p class=\"isSelectedEnd\">O DACE refor\u00e7a que continuar\u00e1 realizando o acompanhamento acad\u00eamico dos(as) estudantes, reafirmando o compromisso institucional com a perman\u00eancia qualificada dos povos ind\u00edgenas e quilombolas na Universidade.<\/p><p class=\"isSelectedEnd\"><strong>Anexo:<\/strong> Rela\u00e7\u00e3o da Avalia\u00e7\u00e3o Pedag\u00f3gica dos Bolsistas do Programa Bolsa Perman\u00eancia do MEC.<\/p><p>Atenciosamente,<br \/><strong>Pr\u00f3-Reitoria de Extens\u00e3o e A\u00e7\u00f5es Comunit\u00e1rias (PROEAC)<\/strong><br \/><strong>Departamento de Assist\u00eancia e Acompanhamento ao Estudante (DACE)<\/strong><\/p><hr \/><h4><strong>Documentos anexos<\/strong><\/h4><p><a href=\"http:\/\/www2.unifap.br\/dace\/files\/2025\/11\/COMUNICADO-\u2013-PROGRAMA-DE-BOLSA-PERMANENCIA-DO-MEC-Estudantes-Indigenas-e-Quilombolas.pdf\">PROGRAMA DE BOLSA PERMAN\u00caNCIA DO MEC (Estudantes Ind\u00edgenas e Quilombolas)<\/a> (21\/11\/2025)<\/p>\t\t\t\t\t\t\t\t<\/div>\n\t\t\t\t<\/div>\n\t\t\t\t\t<\/div>\n\t\t<\/div>\n\t\t\t\t\t<\/div>\n\t\t<\/section>\n\t\t\t\t<\/div>\n\t\t","protected":false},"excerpt":{"rendered":"<p>A Pr\u00f3-Reitoria de Extens\u00e3o e A\u00e7\u00f5es Comunit\u00e1rias (PROEAC), por meio do Departamento de Assist\u00eancia e Acompanhamento ao Estudante (DACE), torna&#8230;<\/p>\n","protected":false},"author":2504,"featured_media":8945,"comment_status":"closed","ping_status":"closed","sticky":false,"template":"","format":"standard","meta":{"inline_featured_image":false,"site-sidebar-layout":"default","site-content-layout":"","ast-site-content-layout":"default","site-content-style":"default","site-sidebar-style":"default","ast-global-header-display":"","ast-banner-title-visibility":"","ast-main-header-display":"","ast-hfb-above-header-display":"","ast-hfb-below-header-display":"","ast-hfb-mobile-header-display":"","site-post-title":"","ast-breadcrumbs-content":"","ast-featured-img":"","footer-sml-layout":"","theme-transparent-header-meta":"default","adv-header-id-meta":"","stick-header-meta":"","header-above-stick-meta":"","header-main-stick-meta":"","header-below-stick-meta":"","astra-migrate-meta-layouts":"set","ast-page-background-enabled":"default","ast-page-background-meta":{"desktop":{"background-color":"var(--ast-global-color-4)","background-image":"","background-repeat":"repeat","background-position":"center center","background-size":"auto","background-attachment":"scroll","background-type":"","background-media":"","overlay-type":"","overlay-color":"","overlay-opacity":"","overlay-gradient":""},"tablet":{"background-color":"","background-image":"","background-repeat":"repeat","background-position":"center center","background-size":"auto","background-attachment":"scroll","background-type":"","background-media":"","overlay-type":"","overlay-color":"","overlay-opacity":"","overlay-gradient":""},"mobile":{"background-color":"","background-image":"","background-repeat":"repeat","background-position":"center center","background-size":"auto","background-attachment":"scroll","background-type":"","background-media":"","overlay-type":"","overlay-color":"","overlay-opacity":"","overlay-gradient":""}},"ast-content-background-meta":{"desktop":{"background-color":"var(--ast-global-color-5)","background-image":"","background-repeat":"repeat","background-position":"center center","background-size":"auto","background-attachment":"scroll","background-type":"","background-media":"","overlay-type":"","overlay-color":"","overlay-opacity":"","overlay-gradient":""},"tablet":{"background-color":"var(--ast-global-color-5)","background-image":"","background-repeat":"repeat","background-position":"center center","background-size":"auto","background-attachment":"scroll","background-type":"","background-media":"","overlay-type":"","overlay-color":"","overlay-opacity":"","overlay-gradient":""},"mobile":{"background-color":"var(--ast-global-color-5)","background-image":"","background-repeat":"repeat","background-position":"center center","background-size":"auto","background-attachment":"scroll","background-type":"","background-media":"","overlay-type":"","overlay-color":"","overlay-opacity":"","overlay-gradient":""}},"ngg_post_thumbnail":0,"footnotes":""},"categories":[16,27],"tags":[24],"class_list":["post-8943","post","type-post","status-publish","format-standard","has-post-thumbnail","hentry","category-comunicado","category-pnaes","tag-comunicadopnaes"],"_links":{"self":[{"href":"https:\/\/www2.unifap.br\/dace\/wp-json\/wp\/v2\/posts\/8943","targetHints":{"allow":["GET"]}}],"collection":[{"href":"https:\/\/www2.unifap.br\/dace\/wp-json\/wp\/v2\/posts"}],"about":[{"href":"https:\/\/www2.unifap.br\/dace\/wp-json\/wp\/v2\/types\/post"}],"author":[{"embeddable":true,"href":"https:\/\/www2.unifap.br\/dace\/wp-json\/wp\/v2\/users\/2504"}],"replies":[{"embeddable":true,"href":"https:\/\/www2.unifap.br\/dace\/wp-json\/wp\/v2\/comments?post=8943"}],"version-history":[{"count":4,"href":"https:\/\/www2.unifap.br\/dace\/wp-json\/wp\/v2\/posts\/8943\/revisions"}],"predecessor-version":[{"id":8949,"href":"https:\/\/www2.unifap.br\/dace\/wp-json\/wp\/v2\/posts\/8943\/revisions\/8949"}],"wp:featuredmedia":[{"embeddable":true,"href":"https:\/\/www2.unifap.br\/dace\/wp-json\/wp\/v2\/media\/8945"}],"wp:attachment":[{"href":"https:\/\/www2.unifap.br\/dace\/wp-json\/wp\/v2\/media?parent=8943"}],"wp:term":[{"taxonomy":"category","embeddable":true,"href":"https:\/\/www2.unifap.br\/dace\/wp-json\/wp\/v2\/categories?post=8943"},{"taxonomy":"post_tag","embeddable":true,"href":"https:\/\/www2.unifap.br\/dace\/wp-json\/wp\/v2\/tags?post=8943"}],"curies":[{"name":"wp","href":"https:\/\/api.w.org\/{rel}","templated":true}]}}