{"id":9297,"date":"2026-04-17T17:57:13","date_gmt":"2026-04-17T20:57:13","guid":{"rendered":"https:\/\/www2.unifap.br\/dace\/?p=9297"},"modified":"2026-04-17T18:01:30","modified_gmt":"2026-04-17T21:01:30","slug":"alteracao-no-funcionamento-do-restaurante-universitario-20-a-21-04-2026","status":"publish","type":"post","link":"https:\/\/www2.unifap.br\/dace\/archives\/9297","title":{"rendered":"Altera\u00e7\u00e3o no funcionamento do Restaurante Universit\u00e1rio (20 a 21\/04\/2026)"},"content":{"rendered":"\t\t<div data-elementor-type=\"wp-post\" data-elementor-id=\"9297\" class=\"elementor elementor-9297\">\n\t\t\t\t\t\t<section class=\"elementor-section elementor-top-section elementor-element elementor-element-3d505a0 elementor-section-boxed elementor-section-height-default elementor-section-height-default\" data-id=\"3d505a0\" data-element_type=\"section\" data-e-type=\"section\">\n\t\t\t\t\t\t<div class=\"elementor-container elementor-column-gap-default\">\n\t\t\t\t\t<div class=\"elementor-column elementor-col-100 elementor-top-column elementor-element elementor-element-4348f2c\" data-id=\"4348f2c\" data-element_type=\"column\" data-e-type=\"column\">\n\t\t\t<div class=\"elementor-widget-wrap elementor-element-populated\">\n\t\t\t\t\t\t<div class=\"elementor-element elementor-element-186f4f5 elementor-widget elementor-widget-text-editor\" data-id=\"186f4f5\" data-element_type=\"widget\" data-e-type=\"widget\" data-widget_type=\"text-editor.default\">\n\t\t\t\t<div class=\"elementor-widget-container\">\n\t\t\t\t\t\t\t\t\t<p>Em aten\u00e7\u00e3o ao Memorando Circular n\u00ba 12\/2026 \u2013 PROGEP, que estabelece ponto facultativo no dia 20 de abril de 2026 (segunda-feira) e feriado nacional no dia 21 de abril de 2026 (ter\u00e7a-feira), informamos que as atividades do Restaurante Universit\u00e1rio (RU) estar\u00e3o suspensas durante esse per\u00edodo.<\/p><p>As atividades ser\u00e3o retomadas normalmente na quarta-feira, dia 22 de abril de 2026.<\/p><p>Contamos com a compreens\u00e3o de todos(as).<\/p><p>Atenciosamente,<br \/><strong>Pr\u00f3-Reitoria de Extens\u00e3o e A\u00e7\u00f5es Comunit\u00e1rias \u2013 PROEAC<\/strong><\/p><ul><li><a href=\"http:\/\/www2.unifap.br\/dace\/files\/2026\/04\/Memorando-Circular-no-122026-\u2013-PROGEP.pdf\">Memorando Circular n\u00ba 122026 \u2013 PROGEP<\/a><\/li><\/ul>\t\t\t\t\t\t\t\t<\/div>\n\t\t\t\t<\/div>\n\t\t\t\t\t<\/div>\n\t\t<\/div>\n\t\t\t\t\t<\/div>\n\t\t<\/section>\n\t\t\t\t<\/div>\n\t\t","protected":false},"excerpt":{"rendered":"<p>Em aten\u00e7\u00e3o ao Memorando Circular n\u00ba 12\/2026 \u2013 PROGEP, que estabelece ponto facultativo no dia 20 de abril de 2026&#8230;<\/p>\n","protected":false},"author":2504,"featured_media":9299,"comment_status":"closed","ping_status":"closed","sticky":false,"template":"","format":"standard","meta":{"inline_featured_image":false,"site-sidebar-layout":"default","site-content-layout":"","ast-site-content-layout":"default","site-content-style":"default","site-sidebar-style":"default","ast-global-header-display":"","ast-banner-title-visibility":"","ast-main-header-display":"","ast-hfb-above-header-display":"","ast-hfb-below-header-display":"","ast-hfb-mobile-header-display":"","site-post-title":"","ast-breadcrumbs-content":"","ast-featured-img":"","footer-sml-layout":"","theme-transparent-header-meta":"default","adv-header-id-meta":"","stick-header-meta":"","header-above-stick-meta":"","header-main-stick-meta":"","header-below-stick-meta":"","astra-migrate-meta-layouts":"set","ast-page-background-enabled":"default","ast-page-background-meta":{"desktop":{"background-color":"var(--ast-global-color-4)","background-image":"","background-repeat":"repeat","background-position":"center center","background-size":"auto","background-attachment":"scroll","background-type":"","background-media":"","overlay-type":"","overlay-color":"","overlay-opacity":"","overlay-gradient":""},"tablet":{"background-color":"","background-image":"","background-repeat":"repeat","background-position":"center center","background-size":"auto","background-attachment":"scroll","background-type":"","background-media":"","overlay-type":"","overlay-color":"","overlay-opacity":"","overlay-gradient":""},"mobile":{"background-color":"","background-image":"","background-repeat":"repeat","background-position":"center center","background-size":"auto","background-attachment":"scroll","background-type":"","background-media":"","overlay-type":"","overlay-color":"","overlay-opacity":"","overlay-gradient":""}},"ast-content-background-meta":{"desktop":{"background-color":"var(--ast-global-color-5)","background-image":"","background-repeat":"repeat","background-position":"center center","background-size":"auto","background-attachment":"scroll","background-type":"","background-media":"","overlay-type":"","overlay-color":"","overlay-opacity":"","overlay-gradient":""},"tablet":{"background-color":"var(--ast-global-color-5)","background-image":"","background-repeat":"repeat","background-position":"center center","background-size":"auto","background-attachment":"scroll","background-type":"","background-media":"","overlay-type":"","overlay-color":"","overlay-opacity":"","overlay-gradient":""},"mobile":{"background-color":"var(--ast-global-color-5)","background-image":"","background-repeat":"repeat","background-position":"center center","background-size":"auto","background-attachment":"scroll","background-type":"","background-media":"","overlay-type":"","overlay-color":"","overlay-opacity":"","overlay-gradient":""}},"ngg_post_thumbnail":0,"footnotes":""},"categories":[16],"tags":[36],"class_list":["post-9297","post","type-post","status-publish","format-standard","has-post-thumbnail","hentry","category-comunicado","tag-comunicadoru"],"_links":{"self":[{"href":"https:\/\/www2.unifap.br\/dace\/wp-json\/wp\/v2\/posts\/9297","targetHints":{"allow":["GET"]}}],"collection":[{"href":"https:\/\/www2.unifap.br\/dace\/wp-json\/wp\/v2\/posts"}],"about":[{"href":"https:\/\/www2.unifap.br\/dace\/wp-json\/wp\/v2\/types\/post"}],"author":[{"embeddable":true,"href":"https:\/\/www2.unifap.br\/dace\/wp-json\/wp\/v2\/users\/2504"}],"replies":[{"embeddable":true,"href":"https:\/\/www2.unifap.br\/dace\/wp-json\/wp\/v2\/comments?post=9297"}],"version-history":[{"count":4,"href":"https:\/\/www2.unifap.br\/dace\/wp-json\/wp\/v2\/posts\/9297\/revisions"}],"predecessor-version":[{"id":9303,"href":"https:\/\/www2.unifap.br\/dace\/wp-json\/wp\/v2\/posts\/9297\/revisions\/9303"}],"wp:featuredmedia":[{"embeddable":true,"href":"https:\/\/www2.unifap.br\/dace\/wp-json\/wp\/v2\/media\/9299"}],"wp:attachment":[{"href":"https:\/\/www2.unifap.br\/dace\/wp-json\/wp\/v2\/media?parent=9297"}],"wp:term":[{"taxonomy":"category","embeddable":true,"href":"https:\/\/www2.unifap.br\/dace\/wp-json\/wp\/v2\/categories?post=9297"},{"taxonomy":"post_tag","embeddable":true,"href":"https:\/\/www2.unifap.br\/dace\/wp-json\/wp\/v2\/tags?post=9297"}],"curies":[{"name":"wp","href":"https:\/\/api.w.org\/{rel}","templated":true}]}}