{"id":10776,"date":"2016-05-31T12:58:13","date_gmt":"2016-05-31T12:58:13","guid":{"rendered":"http:\/\/www2.unifap.br\/dex\/?p=10776"},"modified":"2016-06-01T20:29:38","modified_gmt":"2016-06-01T20:29:38","slug":"edital-0132016-selecao-de-monitores-projeto-programa-em-letramento-academico","status":"publish","type":"post","link":"https:\/\/www2.unifap.br\/dex\/2016\/05\/31\/edital-0132016-selecao-de-monitores-projeto-programa-em-letramento-academico\/","title":{"rendered":"EDITAL 013\/2016 &#8211; (Retifica\u00e7\u00e3o) Sele\u00e7\u00e3o de monitores \u2013 Projeto \u201cPrograma em Letramento Acad\u00eamico\u201d"},"content":{"rendered":"<p style=\"text-align: justify\">O Diretor do Departamento de Extens\u00e3o (DEX) da Universidade Federal do Amap\u00e1 &#8211; UNIFAP, no uso de suas atribui\u00e7\u00f5es legais, torna p\u00fablico o Edital de Sele\u00e7\u00e3o de monitores ao projeto de Extens\u00e3o Universit\u00e1ria \u201cPrograma em Letramento Acad\u00eamico\u201d, integrante do Programa de Suporte a Estudantes de Gradua\u00e7\u00e3o (Pr\u00f3-Estudante UNIFAP), mediante os requisitos e crit\u00e9rios estabelecidos no edital.<\/p>\n<p>Clique <a href=\"http:\/\/www2.unifap.br\/dex\/files\/2016\/05\/Edital-n\u00b0-013-Sele\u00e7\u00e3o-de-monitores-\u2013-Projeto-\u201cPrograma-em-Letramento-Acad\u00eamico\u201d.pdf\">aqui<\/a>\u00a0para ver o edital!<\/p>\n<p><a href=\"http:\/\/www2.unifap.br\/dex\/files\/2016\/05\/Retifica\u00e7\u00e3o-do-Edital-n\u00b0-013-Sele\u00e7\u00e3o-de-monitores-\u2013-Projeto-\u201cPrograma-em-Letramento-Acad\u00eamico\u201d.pdf\">Retifica\u00e7\u00e3o<\/a>\u00a0do edital.<\/p>\n","protected":false},"excerpt":{"rendered":"<p>O Diretor do Departamento de Extens\u00e3o (DEX) da Universidade Federal do Amap\u00e1 &#8211; UNIFAP, no uso de suas atribui\u00e7\u00f5es legais, torna p\u00fablico o Edital de Sele\u00e7\u00e3o de monitores ao projeto de Extens\u00e3o Universit\u00e1ria \u201cPrograma em Letramento Acad\u00eamico\u201d, integrante do Programa de Suporte a Estudantes de Gradua\u00e7\u00e3o (Pr\u00f3-Estudante UNIFAP), mediante os requisitos e crit\u00e9rios estabelecidos no&#8230;<\/p>\n","protected":false},"author":470,"featured_media":0,"comment_status":"closed","ping_status":"open","sticky":false,"template":"","format":"standard","meta":{"inline_featured_image":false,"ngg_post_thumbnail":0,"footnotes":""},"categories":[1],"tags":[],"class_list":["post-10776","post","type-post","status-publish","format-standard","hentry","category-sem-categoria","entry"],"_links":{"self":[{"href":"https:\/\/www2.unifap.br\/dex\/wp-json\/wp\/v2\/posts\/10776","targetHints":{"allow":["GET"]}}],"collection":[{"href":"https:\/\/www2.unifap.br\/dex\/wp-json\/wp\/v2\/posts"}],"about":[{"href":"https:\/\/www2.unifap.br\/dex\/wp-json\/wp\/v2\/types\/post"}],"author":[{"embeddable":true,"href":"https:\/\/www2.unifap.br\/dex\/wp-json\/wp\/v2\/users\/470"}],"replies":[{"embeddable":true,"href":"https:\/\/www2.unifap.br\/dex\/wp-json\/wp\/v2\/comments?post=10776"}],"version-history":[{"count":3,"href":"https:\/\/www2.unifap.br\/dex\/wp-json\/wp\/v2\/posts\/10776\/revisions"}],"predecessor-version":[{"id":10799,"href":"https:\/\/www2.unifap.br\/dex\/wp-json\/wp\/v2\/posts\/10776\/revisions\/10799"}],"wp:attachment":[{"href":"https:\/\/www2.unifap.br\/dex\/wp-json\/wp\/v2\/media?parent=10776"}],"wp:term":[{"taxonomy":"category","embeddable":true,"href":"https:\/\/www2.unifap.br\/dex\/wp-json\/wp\/v2\/categories?post=10776"},{"taxonomy":"post_tag","embeddable":true,"href":"https:\/\/www2.unifap.br\/dex\/wp-json\/wp\/v2\/tags?post=10776"}],"curies":[{"name":"wp","href":"https:\/\/api.w.org\/{rel}","templated":true}]}}