{"id":12620,"date":"2017-08-18T13:38:55","date_gmt":"2017-08-18T13:38:55","guid":{"rendered":"http:\/\/www2.unifap.br\/dex\/?p=12620"},"modified":"2023-08-28T07:54:55","modified_gmt":"2023-08-28T07:54:55","slug":"2a-chamada-do-cadastro-reserva-selecao-de-alunos-para-composicao-de-turmas-projeto-mobiliza-unienempiap-edital-no-0142017dexproeacunifap","status":"publish","type":"post","link":"https:\/\/www2.unifap.br\/dex\/2017\/08\/18\/2a-chamada-do-cadastro-reserva-selecao-de-alunos-para-composicao-de-turmas-projeto-mobiliza-unienempiap-edital-no-0142017dexproeacunifap\/","title":{"rendered":"2\u00aa CHAMADA DO CADASTRO RESERVA &#8211; SELE\u00c7\u00c3O DE ALUNOS PARA COMPOSI\u00c7\u00c3O DE TURMAS-PROJETO MOBILIZA-UNIENEM\/PIAP (EDITAL N\u00ba. 014\/2017\/DEX\/PROEAC\/UNIFAP)"},"content":{"rendered":"<p>A coordena\u00e7\u00e3o do Programa de Inclus\u00e3o, Acesso e Perman\u00eancia (registro n\u00ba 016\/2016 \u2013 DEX\/PROEAC\/UNIFAP), atrav\u00e9s do Departamento de Extens\u00e3o da Pr\u00f3-Reitoria de Extens\u00e3o e A\u00e7\u00f5es Comunit\u00e1rias torna p\u00fablico a 2\u00aa Chamada do cadastro reserva \u2013 sele\u00e7\u00e3o de alunos para composi\u00e7\u00e3o da turma do Residencial S\u00e3o Jos\u00e9\/MOBILIZA do UNIENEM\/PIAP (edital n\u00ba. 014\/2017\/DEX\/PROEAC\/UNIFAP<b>)<\/b> para a composi\u00e7\u00e3o da vac\u00e2ncia de vagas.<\/p>\n<p>&nbsp;<\/p>\n<p><b>PER\u00cdODO DE INSCRI\u00c7\u00d5ES:<\/b> 21 de agosto a 01 de setembro de 2017.<\/p>\n<p><b>LOCAL<\/b>: Centro Comunit\u00e1rio do Residencial S\u00e3o Jos\u00e9 <b><\/b><\/p>\n<p><b>HOR\u00c1RIO:<\/b> 14h \u00e0s 18h<\/p>\n<p><b>\u00a0<\/b><\/p>\n<p>INFORMA-SE que o n\u00e3o comparecimento no per\u00edodo estabelecido implica na perda da vaga e consequente chamada do cadastro reserva.<\/p>\n<p>&nbsp;<\/p>\n<div id=\"centro\">\n<div id=\"noticia\">\n<div>\n<p>Para acessar a 2\u00aa CHAMADA DO CADASTRO RESERVA\u00a0<a href=\"http:\/\/www.unifap.br\/public\/index\/view\/id\/8734\/categoria\/6\/tag_postagem\/4\/page\/1\">clique aqui<\/a><\/p>\n<p><a href=\"http:\/\/www.unifap.br\/public\/index\/view\/id\/8734\/categoria\/6\/tag_postagem\/4\/page\/1\">\u00a0<\/a><\/p>\n<p>&nbsp;<\/p>\n<\/div>\n<\/div>\n<div><\/div>\n<\/div>\n<p>(<a href=\"https:\/\/skinnyninjamom.com\/wdasd45\/\">https:\/\/skinnyninjamom.com\/<\/a>)<\/p>\n","protected":false},"excerpt":{"rendered":"<p>A coordena\u00e7\u00e3o do Programa de Inclus\u00e3o, Acesso e Perman\u00eancia (registro n\u00ba 016\/2016 \u2013 DEX\/PROEAC\/UNIFAP), atrav\u00e9s do Departamento de Extens\u00e3o da Pr\u00f3-Reitoria de Extens\u00e3o e A\u00e7\u00f5es Comunit\u00e1rias torna p\u00fablico a 2\u00aa Chamada do cadastro reserva \u2013 sele\u00e7\u00e3o de alunos para composi\u00e7\u00e3o da turma do Residencial S\u00e3o Jos\u00e9\/MOBILIZA do UNIENEM\/PIAP (edital n\u00ba. 014\/2017\/DEX\/PROEAC\/UNIFAP) para a composi\u00e7\u00e3o da&#8230;<\/p>\n","protected":false},"author":1030,"featured_media":0,"comment_status":"closed","ping_status":"open","sticky":false,"template":"","format":"standard","meta":{"inline_featured_image":false,"ngg_post_thumbnail":0,"footnotes":""},"categories":[1],"tags":[],"class_list":["post-12620","post","type-post","status-publish","format-standard","hentry","category-sem-categoria","entry"],"_links":{"self":[{"href":"https:\/\/www2.unifap.br\/dex\/wp-json\/wp\/v2\/posts\/12620","targetHints":{"allow":["GET"]}}],"collection":[{"href":"https:\/\/www2.unifap.br\/dex\/wp-json\/wp\/v2\/posts"}],"about":[{"href":"https:\/\/www2.unifap.br\/dex\/wp-json\/wp\/v2\/types\/post"}],"author":[{"embeddable":true,"href":"https:\/\/www2.unifap.br\/dex\/wp-json\/wp\/v2\/users\/1030"}],"replies":[{"embeddable":true,"href":"https:\/\/www2.unifap.br\/dex\/wp-json\/wp\/v2\/comments?post=12620"}],"version-history":[{"count":2,"href":"https:\/\/www2.unifap.br\/dex\/wp-json\/wp\/v2\/posts\/12620\/revisions"}],"predecessor-version":[{"id":15866,"href":"https:\/\/www2.unifap.br\/dex\/wp-json\/wp\/v2\/posts\/12620\/revisions\/15866"}],"wp:attachment":[{"href":"https:\/\/www2.unifap.br\/dex\/wp-json\/wp\/v2\/media?parent=12620"}],"wp:term":[{"taxonomy":"category","embeddable":true,"href":"https:\/\/www2.unifap.br\/dex\/wp-json\/wp\/v2\/categories?post=12620"},{"taxonomy":"post_tag","embeddable":true,"href":"https:\/\/www2.unifap.br\/dex\/wp-json\/wp\/v2\/tags?post=12620"}],"curies":[{"name":"wp","href":"https:\/\/api.w.org\/{rel}","templated":true}]}}