{"id":9410,"date":"2015-10-19T19:40:28","date_gmt":"2015-10-19T19:40:28","guid":{"rendered":"http:\/\/www2.unifap.br\/dex\/?p=9410"},"modified":"2015-10-28T11:33:54","modified_gmt":"2015-10-28T11:33:54","slug":"edital-0372015-introducao-a-analise-do-discurso-de-base-francesa","status":"publish","type":"post","link":"https:\/\/www2.unifap.br\/dex\/2015\/10\/19\/edital-0372015-introducao-a-analise-do-discurso-de-base-francesa\/","title":{"rendered":"EDITAL 037\/2015 (RETIFICADO) \u2013 INTRODU\u00c7\u00c3O \u00c0 AN\u00c1LISE DO DISCURSO DE BASE FRANCESA"},"content":{"rendered":"<p>A Pr\u00f3-Reitoria de Extens\u00e3o e A\u00e7\u00f5es Comunit\u00e1rias &#8211; PROEAC, por interm\u00e9dio de seu Departamento de Extens\u00e3o \u2013 DEX, torna p\u00fablico o edital de sele\u00e7\u00e3o de alunos de gradua\u00e7\u00e3o ao Curso de Extens\u00e3o Universit\u00e1ria \u201cINTRODU\u00c7\u00c3O \u00c0 AN\u00c1LISE DO DISCURSO DE BASE FRANCESA\u201d.<\/p>\n<p><span style=\"line-height: 1.5em\">Clique aqui para ver o <\/span><span style=\"text-decoration: underline\"><span style=\"color: #0000ff\"><a style=\"line-height: 1.5em\" href=\"http:\/\/www2.unifap.br\/dex\/files\/2015\/10\/EDITAL-SELE\u00c7\u00c3O.pdf\"><span style=\"color: #0000ff;text-decoration: underline\">Edital<\/span><\/a><\/span><\/span><span style=\"line-height: 1.5em\"><span style=\"color: #0000ff\">\u00a0<\/span>!<\/span><\/p>\n<p>Clique aqui para ver a\u00a0<span style=\"text-decoration: underline\"><span style=\"color: #0000ff\"><a href=\"http:\/\/www2.unifap.br\/dex\/files\/2015\/10\/RETIFICA\u00c7\u00c3O-DO-EDITAL.pdf\"><span style=\"color: #0000ff;text-decoration: underline\">Retifica\u00e7\u00e3o<\/span><\/a><\/span><\/span>!<\/p>\n","protected":false},"excerpt":{"rendered":"<p>A Pr\u00f3-Reitoria de Extens\u00e3o e A\u00e7\u00f5es Comunit\u00e1rias &#8211; PROEAC, por interm\u00e9dio de seu Departamento de Extens\u00e3o \u2013 DEX, torna p\u00fablico o edital de sele\u00e7\u00e3o de alunos de gradua\u00e7\u00e3o ao Curso de Extens\u00e3o Universit\u00e1ria \u201cINTRODU\u00c7\u00c3O \u00c0 AN\u00c1LISE DO DISCURSO DE BASE FRANCESA\u201d. Clique aqui para ver o Edital\u00a0! Clique aqui para ver a\u00a0Retifica\u00e7\u00e3o!<\/p>\n","protected":false},"author":470,"featured_media":0,"comment_status":"closed","ping_status":"open","sticky":false,"template":"","format":"standard","meta":{"inline_featured_image":false,"ngg_post_thumbnail":0,"footnotes":""},"categories":[1],"tags":[],"class_list":["post-9410","post","type-post","status-publish","format-standard","hentry","category-sem-categoria","entry"],"_links":{"self":[{"href":"https:\/\/www2.unifap.br\/dex\/wp-json\/wp\/v2\/posts\/9410","targetHints":{"allow":["GET"]}}],"collection":[{"href":"https:\/\/www2.unifap.br\/dex\/wp-json\/wp\/v2\/posts"}],"about":[{"href":"https:\/\/www2.unifap.br\/dex\/wp-json\/wp\/v2\/types\/post"}],"author":[{"embeddable":true,"href":"https:\/\/www2.unifap.br\/dex\/wp-json\/wp\/v2\/users\/470"}],"replies":[{"embeddable":true,"href":"https:\/\/www2.unifap.br\/dex\/wp-json\/wp\/v2\/comments?post=9410"}],"version-history":[{"count":5,"href":"https:\/\/www2.unifap.br\/dex\/wp-json\/wp\/v2\/posts\/9410\/revisions"}],"predecessor-version":[{"id":9422,"href":"https:\/\/www2.unifap.br\/dex\/wp-json\/wp\/v2\/posts\/9410\/revisions\/9422"}],"wp:attachment":[{"href":"https:\/\/www2.unifap.br\/dex\/wp-json\/wp\/v2\/media?parent=9410"}],"wp:term":[{"taxonomy":"category","embeddable":true,"href":"https:\/\/www2.unifap.br\/dex\/wp-json\/wp\/v2\/categories?post=9410"},{"taxonomy":"post_tag","embeddable":true,"href":"https:\/\/www2.unifap.br\/dex\/wp-json\/wp\/v2\/tags?post=9410"}],"curies":[{"name":"wp","href":"https:\/\/api.w.org\/{rel}","templated":true}]}}