{"id":3586,"date":"2022-02-11T17:51:01","date_gmt":"2022-02-11T17:51:01","guid":{"rendered":"http:\/\/www2.unifap.br\/direito\/?p=3586"},"modified":"2022-02-11T19:02:23","modified_gmt":"2022-02-11T19:02:23","slug":"convite-para-banca-de-defesa-de-tcc-academico-denis-de-freitas-fernandes-junior","status":"publish","type":"post","link":"https:\/\/www2.unifap.br\/direito\/2022\/02\/11\/convite-para-banca-de-defesa-de-tcc-academico-denis-de-freitas-fernandes-junior\/","title":{"rendered":"Convite para Banca de Defesa de TCC \u2013 Acad\u00eamico: Denis de Freitas Fernandes J\u00fanior"},"content":{"rendered":"<p style=\"text-align: center\"><a href=\"http:\/\/www2.unifap.br\/direito\/files\/2022\/02\/Banner-de-divulga\u00e7\u00e3o-Denis-de-Freitas-1.jpg\"><img fetchpriority=\"high\" decoding=\"async\" class=\"alignnone  wp-image-3602\" src=\"http:\/\/www2.unifap.br\/direito\/files\/2022\/02\/Banner-de-divulga\u00e7\u00e3o-Denis-de-Freitas-1-300x169.jpg\" alt=\"\" width=\"494\" height=\"278\" srcset=\"https:\/\/www2.unifap.br\/direito\/files\/2022\/02\/Banner-de-divulga\u00e7\u00e3o-Denis-de-Freitas-1-300x169.jpg 300w, https:\/\/www2.unifap.br\/direito\/files\/2022\/02\/Banner-de-divulga\u00e7\u00e3o-Denis-de-Freitas-1-1024x576.jpg 1024w, https:\/\/www2.unifap.br\/direito\/files\/2022\/02\/Banner-de-divulga\u00e7\u00e3o-Denis-de-Freitas-1-768x432.jpg 768w, https:\/\/www2.unifap.br\/direito\/files\/2022\/02\/Banner-de-divulga\u00e7\u00e3o-Denis-de-Freitas-1-1536x864.jpg 1536w, https:\/\/www2.unifap.br\/direito\/files\/2022\/02\/Banner-de-divulga\u00e7\u00e3o-Denis-de-Freitas-1.jpg 1920w\" sizes=\"(max-width: 494px) 100vw, 494px\" \/><\/a><\/p>\n<p><strong>CONVITE PARA BANCA DE TRABALHO DE CONCLUS\u00c3O DE CURSO:<\/strong><\/p>\n<p><strong>Data:<\/strong> 12 de fevereiro de 2022<\/p>\n<p><strong>Hor\u00e1rio:<\/strong> 15:00h<\/p>\n<p><strong>Acad\u00eamico:<\/strong> Denis de Freitas Fernandes J\u00fanior<\/p>\n<p><strong>Orientadora:<\/strong> Profa. Dra. Linara Oeiras Assun\u00e7\u00e3o<\/p>\n<p><strong>Membros da banca examinadora:<\/strong> Profa. Dra. Maria Em\u00edlia Oliveira Chaves e Prof. Dr. Luiz Laboissiere Junior<\/p>\n<p><strong>Local:<\/strong>&nbsp;a banca ser\u00e1 realizada em ambiente virtual, de maneira s\u00edncrona, pelo&nbsp;<em>Google Meet<\/em>&nbsp;e o acesso ser\u00e1 o seguinte:<\/p>\n<p><strong><a href=\"http:\/\/meet.google.com\/cmb-rceh-gkc\">meet.google.com\/cmb-rceh-gkc<\/a><\/strong><\/p>\n","protected":false},"excerpt":{"rendered":"<p>CONVITE PARA BANCA DE TRABALHO DE CONCLUS\u00c3O DE CURSO: Data: 12 de fevereiro de 2022 Hor\u00e1rio: 15:00h Acad\u00eamico: Denis de Freitas Fernandes J\u00fanior Orientadora: Profa. Dra. Linara Oeiras Assun\u00e7\u00e3o Membros da banca examinadora: Profa. Dra. Maria Em\u00edlia Oliveira Chaves e&hellip; <\/p>\n<p><a href=\"https:\/\/www2.unifap.br\/direito\/2022\/02\/11\/convite-para-banca-de-defesa-de-tcc-academico-denis-de-freitas-fernandes-junior\/\" class=\"readmore-button\">Continue Reading<\/a><\/p>\n","protected":false},"author":2501,"featured_media":0,"comment_status":"open","ping_status":"open","sticky":false,"template":"","format":"standard","meta":{"inline_featured_image":false,"ngg_post_thumbnail":0,"footnotes":""},"categories":[1],"tags":[],"class_list":["post-3586","post","type-post","status-publish","format-standard","hentry","category-sem-categoria"],"_links":{"self":[{"href":"https:\/\/www2.unifap.br\/direito\/wp-json\/wp\/v2\/posts\/3586","targetHints":{"allow":["GET"]}}],"collection":[{"href":"https:\/\/www2.unifap.br\/direito\/wp-json\/wp\/v2\/posts"}],"about":[{"href":"https:\/\/www2.unifap.br\/direito\/wp-json\/wp\/v2\/types\/post"}],"author":[{"embeddable":true,"href":"https:\/\/www2.unifap.br\/direito\/wp-json\/wp\/v2\/users\/2501"}],"replies":[{"embeddable":true,"href":"https:\/\/www2.unifap.br\/direito\/wp-json\/wp\/v2\/comments?post=3586"}],"version-history":[{"count":2,"href":"https:\/\/www2.unifap.br\/direito\/wp-json\/wp\/v2\/posts\/3586\/revisions"}],"predecessor-version":[{"id":3603,"href":"https:\/\/www2.unifap.br\/direito\/wp-json\/wp\/v2\/posts\/3586\/revisions\/3603"}],"wp:attachment":[{"href":"https:\/\/www2.unifap.br\/direito\/wp-json\/wp\/v2\/media?parent=3586"}],"wp:term":[{"taxonomy":"category","embeddable":true,"href":"https:\/\/www2.unifap.br\/direito\/wp-json\/wp\/v2\/categories?post=3586"},{"taxonomy":"post_tag","embeddable":true,"href":"https:\/\/www2.unifap.br\/direito\/wp-json\/wp\/v2\/tags?post=3586"}],"curies":[{"name":"wp","href":"https:\/\/api.w.org\/{rel}","templated":true}]}}