{"id":2839,"date":"2016-07-27T18:04:19","date_gmt":"2016-07-27T18:04:19","guid":{"rendered":"http:\/\/www2.unifap.br\/dpq\/?p=2839"},"modified":"2016-07-27T18:07:12","modified_gmt":"2016-07-27T18:07:12","slug":"resultado-preliminar-edital-no-162016-propespgdpqunifap-selecao-para-ocupacao-de-gabinetes-do-centro-integrado-de-pesquisa-e-pos-graduacao","status":"publish","type":"post","link":"https:\/\/www2.unifap.br\/dpq\/2016\/07\/27\/resultado-preliminar-edital-no-162016-propespgdpqunifap-selecao-para-ocupacao-de-gabinetes-do-centro-integrado-de-pesquisa-e-pos-graduacao\/","title":{"rendered":"RESULTADO PRELIMINAR &#8211; EDITAL N\u00ba 16\/2016 PROPESPG\/DPq\/UNIFAP \u2013 SELE\u00c7\u00c3O PARA OCUPA\u00c7\u00c3O DE GABINETES DO CENTRO INTEGRADO DE PESQUISA E P\u00d3S-GRADUA\u00c7\u00c3O"},"content":{"rendered":"<p style=\"text-align: justify\">A Pr\u00f3-Reitoria de Pesquisa e P\u00f3s-Gradua\u00e7\u00e3o (PROPESPG), por meio de seu Departamento de Pesquisa (DPq), divulga o Resultado Preliminar para sele\u00e7\u00e3o de ocupa\u00e7\u00e3o de\u00a0<b>40 Gabinetes<\/b>\u00a0no Centro Integrado de Pesquisa e P\u00f3s-Gradua\u00e7\u00e3o (CIPP) por Grupos de Pesquisa.<\/p>\n<p style=\"text-align: justify\"><a href=\"http:\/\/www.unifap.br\/public\/index\/view\/id\/7574\">RESULTADO PRELIMINAR<\/a><\/p>\n","protected":false},"excerpt":{"rendered":"<p>A Pr\u00f3-Reitoria de Pesquisa e P\u00f3s-Gradua\u00e7\u00e3o (PROPESPG), por meio de seu Departamento de Pesquisa (DPq), divulga o Resultado Preliminar para sele\u00e7\u00e3o de ocupa\u00e7\u00e3o de\u00a040 Gabinetes\u00a0no Centro Integrado de Pesquisa e P\u00f3s-Gradua\u00e7\u00e3o (CIPP) por Grupos de Pesquisa. RESULTADO PRELIMINAR<\/p>\n","protected":false},"author":176,"featured_media":0,"comment_status":"open","ping_status":"open","sticky":false,"template":"","format":"standard","meta":{"inline_featured_image":false,"ngg_post_thumbnail":0,"footnotes":""},"categories":[3],"tags":[],"class_list":["post-2839","post","type-post","status-publish","format-standard","hentry","category-editais","entry"],"_links":{"self":[{"href":"https:\/\/www2.unifap.br\/dpq\/wp-json\/wp\/v2\/posts\/2839","targetHints":{"allow":["GET"]}}],"collection":[{"href":"https:\/\/www2.unifap.br\/dpq\/wp-json\/wp\/v2\/posts"}],"about":[{"href":"https:\/\/www2.unifap.br\/dpq\/wp-json\/wp\/v2\/types\/post"}],"author":[{"embeddable":true,"href":"https:\/\/www2.unifap.br\/dpq\/wp-json\/wp\/v2\/users\/176"}],"replies":[{"embeddable":true,"href":"https:\/\/www2.unifap.br\/dpq\/wp-json\/wp\/v2\/comments?post=2839"}],"version-history":[{"count":2,"href":"https:\/\/www2.unifap.br\/dpq\/wp-json\/wp\/v2\/posts\/2839\/revisions"}],"predecessor-version":[{"id":2841,"href":"https:\/\/www2.unifap.br\/dpq\/wp-json\/wp\/v2\/posts\/2839\/revisions\/2841"}],"wp:attachment":[{"href":"https:\/\/www2.unifap.br\/dpq\/wp-json\/wp\/v2\/media?parent=2839"}],"wp:term":[{"taxonomy":"category","embeddable":true,"href":"https:\/\/www2.unifap.br\/dpq\/wp-json\/wp\/v2\/categories?post=2839"},{"taxonomy":"post_tag","embeddable":true,"href":"https:\/\/www2.unifap.br\/dpq\/wp-json\/wp\/v2\/tags?post=2839"}],"curies":[{"name":"wp","href":"https:\/\/api.w.org\/{rel}","templated":true}]}}