{"id":11322,"date":"2014-01-06T09:22:05","date_gmt":"2014-01-06T12:22:05","guid":{"rendered":"http:\/\/www2.unifap.br\/ead\/?p=11322"},"modified":"2014-01-06T09:22:05","modified_gmt":"2014-01-06T12:22:05","slug":"mec-abre-inscricoes-no-sisu-para-2014-ha-mais-de-171-mil-vagas","status":"publish","type":"post","link":"https:\/\/www2.unifap.br\/ead\/mec-abre-inscricoes-no-sisu-para-2014-ha-mais-de-171-mil-vagas\/","title":{"rendered":"MEC abre inscri\u00e7\u00f5es no Sisu para 2014; h\u00e1 mais de 171 mil vagas"},"content":{"rendered":"<p>O <a href=\"http:\/\/sisu.mec.gov.br\/\" target=\"_blank\"><strong>Sisu (Sistema de Sele\u00e7\u00e3o Unificada) 2014<\/strong><\/a> entrou em funcionamento na madrugada desta segunda (6) &#8212; as inscri\u00e7\u00f5es  ficar\u00e3o abertas at\u00e9 as 23h59 do dia 10 de janeiro e devem ser feitas  exclusivamente pela internet.<\/p>\n<p>O Sisu est\u00e1 dispon\u00edvel no endere\u00e7o\u00a0<a href=\"http:\/\/sisu.mec.gov.br\" target=\"_blank\">http:\/\/sisu.mec.gov.br<\/a>.<\/p>\n<p>A sele\u00e7\u00e3o \u00e9 feita por meio das <strong><a href=\"http:\/\/educacao.uol.com.br\/noticias\/2014\/01\/03\/mec-divulga-notas-individuais-do-enem-2013-consulta-esta-no-ar.htm\">notas do Enem (Exame Nacional do Ensino M\u00e9dio) 2013<\/a><\/strong>,  que foram divulgadas na \u00faltima sexta-feira. As regras foram publicadas  no Di\u00e1rio Oficial da Uni\u00e3o no dia 30 de dezembro &#8212; se quiser conferir o  edital, baixe ele <a href=\"http:\/\/download.uol.com.br\/educacao\/2013-2014-sisu-edital.pdf\" target=\"_blank\">aqui (arquivo .pdf)<\/a>.<\/p>\n<p>Os participantes do Enem de 2013 poder\u00e3o concorrer a 171.756 vagas em <a href=\"http:\/\/educacao.uol.com.br\/noticias\/2013\/12\/31\/mec-libera-consulta-preliminar-de-vagas-do-sisu-115-instituicoes-participam.htm\" target=\"_blank\">115 institui\u00e7\u00f5es p\u00fablicas de ensino superior<\/a> &#8212; universidades e institutos federais, al\u00e9m de universidades e faculdades estaduais.<\/p>\n<h3>Requisitos m\u00ednimos<\/h3>\n<p>Para concorrer a uma vaga, o candidato deve ter feito o Enem 2013 e n\u00e3o pode ter tirado zero na reda\u00e7\u00e3o (<a href=\"http:\/\/educacao.uol.com.br\/album\/2013\/08\/28\/veja-como-sera-a-correcao-da-redacao-do-enem-2013.htm\">veja quais foram os crit\u00e9rios de corre\u00e7\u00e3o<\/a>). O MEC n\u00e3o cobra taxa de inscri\u00e7\u00e3o no sistema.<\/p>\n<p>O candidato poder\u00e1 se inscrever em at\u00e9 duas op\u00e7\u00f5es de vaga &#8212; e precisa  optar na inscri\u00e7\u00e3o se participar\u00e1 de algum tipo de pol\u00edtica afirmativa  (cotas) ou se est\u00e1 em &#8220;ampla concorr\u00eancia&#8221; (sem b\u00f4nus).<\/p>\n<p>Durante o  per\u00edodo de inscri\u00e7\u00e3o (entre os dias 6 e 10 de janeiro), o interessado  poder\u00e1 alterar as op\u00e7\u00f5es de curso e tamb\u00e9m cancelar a participa\u00e7\u00e3o no  exame. A op\u00e7\u00e3o final \u00e9 a que ser\u00e1 considerada pelo sistema quando o  prazo encerrar.<\/p>\n<p>Segundo a portaria publicada no Di\u00e1rio  Oficial,\u00a0o &#8220;Sisu disponibilizar\u00e1 ao estudante, em car\u00e1ter exclusivamente  informativo, a nota de corte para cada institui\u00e7\u00e3o, local de oferta,  curso, turno e modalidade de concorr\u00eancia, a qual ser\u00e1\u00a0atualizada  periodicamente conforme o processamento das inscri\u00e7\u00f5es efetuadas&#8221;.<\/p>\n<h3>Datas<\/h3>\n<p>Ser\u00e3o realizadas duas chamadas de\u00a0aprovados\u00a0nas seguintes datas:<\/p>\n<ul>\n<li> <strong>Primeira Chamada:<\/strong> 13 de janeiro de 2014<\/li>\n<li> <strong>Matr\u00edculas da 1\u00aa chamada:<\/strong> 17, 20 e 21 de janeiro de 2014<\/li>\n<li> <strong>Segunda Chamada: <\/strong>27 de janeiro de 2014<\/li>\n<li> <strong>Matr\u00edculas da 2\u00aa chamada:<\/strong> 31 de janeiro, 3 e 4 de fevereiro de 2014<\/li>\n<\/ul>\n<p>As institui\u00e7\u00f5es participantes dever\u00e3o informar a ocupa\u00e7\u00e3o das vagas de acordo com o seguinte cronograma:<\/p>\n<ul>\n<li> <strong>Primeira Chamada:<\/strong> de 17 a 24 de janeiro de 2014<\/li>\n<li> <strong>Segunda Chamada:<\/strong> de 31 de janeiro a 7 de fevereiro de 2014<\/li>\n<\/ul>\n<h3>Lista de espera<\/h3>\n<p>As inscri\u00e7\u00f5es para a lista de espera ser\u00e3o realizadas, no portal do  Sisu, entre os dias 27 de janeiro e as 23h59 do dia 7 de fevereiro. O  estudante s\u00f3 poder\u00e1 manifestar interesse na lista de espera para o curso  correspondente \u00e0 primeira op\u00e7\u00e3o.<\/p>\n<p>N\u00e3o poder\u00e1 participar da lista  de espera o candidato que tenha sido convocado para o curso de primeira  op\u00e7\u00e3o em qualquer uma das chamadas regulares.<\/p>\n<p>A lista de  espera ser\u00e1 utilizada para preenchimento das vagas n\u00e3o ocupadas nas duas  chamadas regulares do Sisu. A ocupa\u00e7\u00e3o das vagas ser\u00e1 feita segundo  crit\u00e9rios definidos em edital pr\u00f3prio de cada\u00a0institui\u00e7\u00e3o participante.<\/p>\n","protected":false},"excerpt":{"rendered":"<p>O Sisu (Sistema de Sele\u00e7\u00e3o Unificada) 2014 entrou em funcionamento na madrugada desta segunda (6) &#8212; as inscri\u00e7\u00f5es ficar\u00e3o abertas at\u00e9 as 23h59 do dia 10 de janeiro e devem&#8230;<\/p>\n","protected":false},"author":394,"featured_media":0,"comment_status":"closed","ping_status":"closed","sticky":false,"template":"","format":"standard","meta":{"inline_featured_image":false,"ngg_post_thumbnail":0,"footnotes":""},"categories":[5],"tags":[],"class_list":["post-11322","post","type-post","status-publish","format-standard","hentry","category-noticia","entry"],"_links":{"self":[{"href":"https:\/\/www2.unifap.br\/ead\/wp-json\/wp\/v2\/posts\/11322","targetHints":{"allow":["GET"]}}],"collection":[{"href":"https:\/\/www2.unifap.br\/ead\/wp-json\/wp\/v2\/posts"}],"about":[{"href":"https:\/\/www2.unifap.br\/ead\/wp-json\/wp\/v2\/types\/post"}],"author":[{"embeddable":true,"href":"https:\/\/www2.unifap.br\/ead\/wp-json\/wp\/v2\/users\/394"}],"replies":[{"embeddable":true,"href":"https:\/\/www2.unifap.br\/ead\/wp-json\/wp\/v2\/comments?post=11322"}],"version-history":[{"count":2,"href":"https:\/\/www2.unifap.br\/ead\/wp-json\/wp\/v2\/posts\/11322\/revisions"}],"predecessor-version":[{"id":11324,"href":"https:\/\/www2.unifap.br\/ead\/wp-json\/wp\/v2\/posts\/11322\/revisions\/11324"}],"wp:attachment":[{"href":"https:\/\/www2.unifap.br\/ead\/wp-json\/wp\/v2\/media?parent=11322"}],"wp:term":[{"taxonomy":"category","embeddable":true,"href":"https:\/\/www2.unifap.br\/ead\/wp-json\/wp\/v2\/categories?post=11322"},{"taxonomy":"post_tag","embeddable":true,"href":"https:\/\/www2.unifap.br\/ead\/wp-json\/wp\/v2\/tags?post=11322"}],"curies":[{"name":"wp","href":"https:\/\/api.w.org\/{rel}","templated":true}]}}