{"id":1223,"date":"2013-03-25T10:53:37","date_gmt":"2013-03-25T13:53:37","guid":{"rendered":"http:\/\/www2.unifap.br\/ead\/?p=1223"},"modified":"2013-10-16T11:10:35","modified_gmt":"2013-10-16T14:10:35","slug":"capes-divulga-retificacao-do-calendario-2013-das-atividades-da-diretoria-de-avaliacao","status":"publish","type":"post","link":"https:\/\/www2.unifap.br\/ead\/capes-divulga-retificacao-do-calendario-2013-das-atividades-da-diretoria-de-avaliacao\/","title":{"rendered":"Capes divulga retifica\u00e7\u00e3o do calend\u00e1rio 2013 das atividades da Diretoria de Avalia\u00e7\u00e3o"},"content":{"rendered":"<p style=\"text-align: justify;\">Foi publicada no Di\u00e1rio Oficial da Uni\u00e3o desta quarta-feira,\u00a06 de fevereiro de 2013, a retifica\u00e7\u00e3o do calend\u00e1rio de atividades relacionadas \u00e0 avalia\u00e7\u00e3o dos cursos de p\u00f3s-gradua\u00e7\u00e3o, a cargo da Diretoria de Avalia\u00e7\u00e3o (DAV) da Coordena\u00e7\u00e3o de Aperfei\u00e7oamento de Pessoal de N\u00edvel Superior (Capes).<\/p>\n<p style=\"text-align: justify;\"><strong>&#8220;A\u00a0partir do dia 1 de abril\u00a0ser\u00e1\u00a0poss\u00edvel\u00a0a submiss\u00e3o das\u00a0Propostas de Novos\u00a0Cursos de P\u00f3s-Gradua\u00e7\u00e3o \u00e0 CAPES (Mestrado e Doutorado acad\u00eamico). Segue\u00a0calend\u00e1rio\u00a02013 da diretoria de avalia\u00e7\u00e3o.&#8221;<\/strong><\/p>\n<p>Veja abaixo o calend\u00e1rio alterado:<\/p>\n<table border=\"0\" cellpadding=\"0\" width=\"531\">\n<thead>\n<tr>\n<td><strong>Atividade<\/strong><strong> <\/strong><\/td>\n<td><strong>Per\u00edodo<\/strong><strong> <\/strong><\/td>\n<\/tr>\n<\/thead>\n<tbody>\n<tr>\n<td>CAPESNET   &#8211; Coleta: dados do ano 2012<\/td>\n<td width=\"265\">25 de   fevereiro a\u00a025 de abril de 2013<\/td>\n<\/tr>\n<tr>\n<td>Apresenta\u00e7\u00e3o   de Novas Propostas de Mestrado Profissional (APCN-MP)<\/td>\n<td width=\"265\">27 de   fevereiro a\u00a004 de abril de 2013<\/td>\n<\/tr>\n<tr>\n<td>Apresenta\u00e7\u00e3o   de Novas Propostas de Mestrado e Doutorado Acad\u00eamicos (APCN)<\/td>\n<td width=\"265\">01 de   abril a\u00a009 de maio de 2013<\/td>\n<\/tr>\n<tr>\n<td>Avalia\u00e7\u00e3o   trienal &#8211; reuni\u00f5es presenciais das Comiss\u00f5es de \u00c1rea<\/td>\n<td width=\"265\">30 de   setembro a\u00a025 de outubro de 2013<\/td>\n<\/tr>\n<tr>\n<td>Reuni\u00e3o   do CTC-ES &#8211; delibera\u00e7\u00e3o dos resultados da Avalia\u00e7\u00e3o Trienal<\/td>\n<td width=\"265\">18 a\u00a029 de novembro de 2013<\/td>\n<\/tr>\n<tr>\n<td>Divulga\u00e7\u00e3o   dos resultados da Avalia\u00e7\u00e3o Trienal<\/td>\n<td width=\"265\">02 de dezembro de 2013<\/td>\n<\/tr>\n<tr>\n<td>Pedidos   de Reconsidera\u00e7\u00e3o sobre a Avalia\u00e7\u00e3o Trienal<\/td>\n<td width=\"265\">03 de dezembro de 2013\u00a0a\u00a010 de janeiro de 2014<\/td>\n<\/tr>\n<\/tbody>\n<\/table>\n<p>Link:\u00a0<a href=\"http:\/\/www.capes.gov.br\/36-noticias\/6008-capes-divulga-retificacao-do-calendario-2013-das-atividades-da-diretoria-de-avaliacao\" target=\"_blank\">http:\/\/www.capes.gov.br\/36-noticias\/6008-capes-divulga-retificacao-do-calendario-2013-das-atividades-da-diretoria-de-avaliacao<\/a><\/p>\n<p>&nbsp;<\/p>\n<p>&nbsp;<\/p>\n","protected":false},"excerpt":{"rendered":"<p>Foi publicada no Di\u00e1rio Oficial da Uni\u00e3o desta quarta-feira,\u00a06 de fevereiro de 2013, a retifica\u00e7\u00e3o do calend\u00e1rio de atividades relacionadas \u00e0 avalia\u00e7\u00e3o dos cursos de p\u00f3s-gradua\u00e7\u00e3o, a cargo da Diretoria&#8230;<\/p>\n","protected":false},"author":153,"featured_media":0,"comment_status":"closed","ping_status":"open","sticky":false,"template":"","format":"standard","meta":{"inline_featured_image":false,"ngg_post_thumbnail":0,"footnotes":""},"categories":[5],"tags":[],"class_list":["post-1223","post","type-post","status-publish","format-standard","hentry","category-noticia","entry"],"_links":{"self":[{"href":"https:\/\/www2.unifap.br\/ead\/wp-json\/wp\/v2\/posts\/1223","targetHints":{"allow":["GET"]}}],"collection":[{"href":"https:\/\/www2.unifap.br\/ead\/wp-json\/wp\/v2\/posts"}],"about":[{"href":"https:\/\/www2.unifap.br\/ead\/wp-json\/wp\/v2\/types\/post"}],"author":[{"embeddable":true,"href":"https:\/\/www2.unifap.br\/ead\/wp-json\/wp\/v2\/users\/153"}],"replies":[{"embeddable":true,"href":"https:\/\/www2.unifap.br\/ead\/wp-json\/wp\/v2\/comments?post=1223"}],"version-history":[{"count":4,"href":"https:\/\/www2.unifap.br\/ead\/wp-json\/wp\/v2\/posts\/1223\/revisions"}],"predecessor-version":[{"id":5855,"href":"https:\/\/www2.unifap.br\/ead\/wp-json\/wp\/v2\/posts\/1223\/revisions\/5855"}],"wp:attachment":[{"href":"https:\/\/www2.unifap.br\/ead\/wp-json\/wp\/v2\/media?parent=1223"}],"wp:term":[{"taxonomy":"category","embeddable":true,"href":"https:\/\/www2.unifap.br\/ead\/wp-json\/wp\/v2\/categories?post=1223"},{"taxonomy":"post_tag","embeddable":true,"href":"https:\/\/www2.unifap.br\/ead\/wp-json\/wp\/v2\/tags?post=1223"}],"curies":[{"name":"wp","href":"https:\/\/api.w.org\/{rel}","templated":true}]}}