{"id":15927,"date":"2015-01-22T09:05:01","date_gmt":"2015-01-22T12:05:01","guid":{"rendered":"http:\/\/www2.unifap.br\/ead\/?p=15927"},"modified":"2015-01-22T09:07:27","modified_gmt":"2015-01-22T12:07:27","slug":"universidade-aberta-do-brasil-seleciona-propostas-para-oferta-de-250-mil-vagas","status":"publish","type":"post","link":"https:\/\/www2.unifap.br\/ead\/universidade-aberta-do-brasil-seleciona-propostas-para-oferta-de-250-mil-vagas\/","title":{"rendered":"Universidade Aberta do Brasil seleciona propostas para oferta de 250 mil vagas"},"content":{"rendered":"<p style=\"text-align: justify\">A Coordena\u00e7\u00e3o de Aperfei\u00e7oamento de Pessoal de N\u00edvel Superior (Capes) divulga nesta sexta-feira, 19, o convite \u00e0s institui\u00e7\u00f5es p\u00fablicas de ensino superior (Ipes) integrantes do Sistema Universidade Aberta do Brasil (UAB) para apresenta\u00e7\u00e3o de propostas visando a oferta de vagas em cursos superiores na modalidade a dist\u00e2ncia voltados, prioritariamente, para a forma\u00e7\u00e3o de profissionais da educa\u00e7\u00e3o b\u00e1sica no pa\u00eds.<\/p>\n<p style=\"text-align: justify\">A previs\u00e3o \u00e9 de oferta \u00e9 de 250 mil novas vagas, a serem preenchidas por alunos das proponentes no per\u00edodo de 1\u00ba de julho de 2015 a 30 de junho de 2016. A ades\u00e3o de novas institui\u00e7\u00f5es pode ser feita at\u00e9 9 de janeiro e a submiss\u00e3o de propostas de oferta de vagas acontecer\u00e1 de 19 de janeiro a 13 de fevereiro.<\/p>\n<p style=\"text-align: justify\">O processo se encerra em outubro de 2015, quando ser\u00e3o divulgadas a lista de novos cursos aprovados no \u00e2mbito da UAB, a de polos novos ou reintegrados ao Sistema UAB e a lista final de ofertas aprovadas.<\/p>\n<p style=\"text-align: justify\">\nUAB<br \/>\nCriada em 2005, o sistema Universidade Aberta do Brasil (UAB) \u00e9 um sistema integrado por universidades p\u00fablicas que oferece cursos de n\u00edvel superior para camadas da popula\u00e7\u00e3o que t\u00eam dificuldade de acesso \u00e0 forma\u00e7\u00e3o universit\u00e1ria, por meio do uso da metodologia da educa\u00e7\u00e3o a dist\u00e2ncia. O p\u00fablico em geral \u00e9 atendido, mas os professores que atuam na educa\u00e7\u00e3o b\u00e1sica t\u00eam prioridade de forma\u00e7\u00e3o, seguidos dos dirigentes, gestores e trabalhadores em educa\u00e7\u00e3o b\u00e1sica dos estados, munic\u00edpios e do Distrito Federal. Hoje, o Sistema \u00e9 coordenado pela Diretoria de Educa\u00e7\u00e3o a Dist\u00e2ncia (DED) da Capes.<\/p>\n<p style=\"text-align: justify\">Pelo sistema UAB s\u00e3o ofertados os seis mestrados no formato semipresencial do pa\u00eds: o Programa de Mestrado Profissional em Matem\u00e1tica em Rede Nacional (Profmat), criado em 2010; o Programa de Mestrado Profissional em Letras (Profletras) e o Programa de Mestrado Nacional Profissional em Ensino de F\u00edsica \u2013 MNPEF (ProFis), lan\u00e7ados em 2013; e os Programas de Mestrado Profissional em Rede Nacional em Artes (ProfArtes), Administra\u00e7\u00e3o P\u00fablica (ProfiAP) e Ensino de Hist\u00f3ria (ProfHist\u00f3ria). <\/p>\n<p><strong>Fonte:<br \/>\n<a href=\"http:\/\/uab.capes.gov.br\/index.php?option=com_content&amp;view=article&amp;id=256:universidade-aberta-do-brasil-seleciona-propostas-para-oferta-de-250-mil-vagas&amp;catid=1:noticia&amp;Itemid=7\">uab.capes.gov.br<\/a><\/strong><\/p>\n","protected":false},"excerpt":{"rendered":"<p>A Coordena\u00e7\u00e3o de Aperfei\u00e7oamento de Pessoal de N\u00edvel Superior (Capes) divulga nesta sexta-feira, 19, o convite \u00e0s institui\u00e7\u00f5es p\u00fablicas de ensino superior (Ipes) integrantes do Sistema Universidade Aberta do Brasil&#8230;<\/p>\n","protected":false},"author":394,"featured_media":0,"comment_status":"closed","ping_status":"closed","sticky":false,"template":"","format":"standard","meta":{"inline_featured_image":false,"ngg_post_thumbnail":0,"footnotes":""},"categories":[5],"tags":[],"class_list":["post-15927","post","type-post","status-publish","format-standard","hentry","category-noticia","entry"],"_links":{"self":[{"href":"https:\/\/www2.unifap.br\/ead\/wp-json\/wp\/v2\/posts\/15927","targetHints":{"allow":["GET"]}}],"collection":[{"href":"https:\/\/www2.unifap.br\/ead\/wp-json\/wp\/v2\/posts"}],"about":[{"href":"https:\/\/www2.unifap.br\/ead\/wp-json\/wp\/v2\/types\/post"}],"author":[{"embeddable":true,"href":"https:\/\/www2.unifap.br\/ead\/wp-json\/wp\/v2\/users\/394"}],"replies":[{"embeddable":true,"href":"https:\/\/www2.unifap.br\/ead\/wp-json\/wp\/v2\/comments?post=15927"}],"version-history":[{"count":4,"href":"https:\/\/www2.unifap.br\/ead\/wp-json\/wp\/v2\/posts\/15927\/revisions"}],"predecessor-version":[{"id":15931,"href":"https:\/\/www2.unifap.br\/ead\/wp-json\/wp\/v2\/posts\/15927\/revisions\/15931"}],"wp:attachment":[{"href":"https:\/\/www2.unifap.br\/ead\/wp-json\/wp\/v2\/media?parent=15927"}],"wp:term":[{"taxonomy":"category","embeddable":true,"href":"https:\/\/www2.unifap.br\/ead\/wp-json\/wp\/v2\/categories?post=15927"},{"taxonomy":"post_tag","embeddable":true,"href":"https:\/\/www2.unifap.br\/ead\/wp-json\/wp\/v2\/tags?post=15927"}],"curies":[{"name":"wp","href":"https:\/\/api.w.org\/{rel}","templated":true}]}}