{"id":16276,"date":"2015-08-12T11:09:41","date_gmt":"2015-08-12T14:09:41","guid":{"rendered":"http:\/\/www2.unifap.br\/ead\/?p=16276"},"modified":"2015-08-12T11:10:34","modified_gmt":"2015-08-12T14:10:34","slug":"mec-reabre-renovacao-de-contrato-do-fies-a-partir-desta-segunda","status":"publish","type":"post","link":"https:\/\/www2.unifap.br\/ead\/mec-reabre-renovacao-de-contrato-do-fies-a-partir-desta-segunda\/","title":{"rendered":"MEC reabre renova\u00e7\u00e3o de contrato do Fies a partir desta segunda"},"content":{"rendered":"<p style=\"text-align: justify\">Os estudantes j\u00e1 inscritos no Fies (Fundo de Financiamento Estudantil) podem renovar o financiamento com o governo federal a partir desta segunda-feira (10) <a href=\"http:\/\/sisfies.mec.gov.br\/\" rel=\"nofollow\">no site do Sisfies<\/a>. Esta \u00e9 a quarta vez que o MEC (Minist\u00e9rio da Educa\u00e7\u00e3o) prorroga o prazo de renova\u00e7\u00e3o dos contratos.<\/p>\n<p style=\"text-align: justify\">Os candidatos ter\u00e3o at\u00e9 31 de outubro para efetuar aditamentos, transfer\u00eancia do curso financiado ou suspens\u00e3o do contrato. O aditamento \u00e9 o processo pelo qual o aluno d\u00e1 continuidade ao seu contrato com o MEC e garante a continuidade do financiamento de seu curso.<\/p>\n<p style=\"text-align: justify\">Na semana passada, o MEC informou que o n\u00famero de contratos pendentes de renova\u00e7\u00e3o, do total de 1,9 milh\u00e3o em vigor at\u00e9 2014, era de pouco menos de 100 mil.<\/p>\n<p style=\"text-align: justify\">A abertura para aditamento \u00e9 v\u00e1lida tanto para esse p\u00fablico como para aquele que obteve cr\u00e9dito estudantil a partir do primeiro semestre deste ano -foram 252,4 mil novos contratos no in\u00edcio de 2015.<\/p>\n<p style=\"text-align: justify\"><b>RESULTADO FIES 2\u00b0 SEMESTRE<\/b><\/p>\n<p style=\"text-align: justify\">Na \u00faltima sexta (7), a <a href=\"http:\/\/www1.folha.uol.com.br\/educacao\/2015\/08\/1666135-justica-suspende-divulgacao-de-resultado-do-fies-de-segundo-semestre.shtml\">Justi\u00e7a Federal suspendeu a divulga\u00e7\u00e3o do resultado do processo seletivo do Fies do segundo semestre<\/a> at\u00e9 que o MEC preste esclarecimentos sobre os crit\u00e9rios de distribui\u00e7\u00e3o das vagas no pa\u00eds.<\/p>\n<p style=\"text-align: justify\">As inscri\u00e7\u00f5es terminaram no dia 6 de agosto, e a divulga\u00e7\u00e3o do resultado estava prevista para esta segunda (10). Ao todo, o MEC ofertou nesse processo de sele\u00e7\u00e3o 61,5 mil novas vagas.<\/p>\n<p style=\"text-align: justify\">A decis\u00e3o foi tomada pelo juiz federal Francisco Renato Filho, ap\u00f3s questionamento da Anima Educa\u00e7\u00e3o, dona de institui\u00e7\u00f5es como UniBH, S\u00e3o Judas e Unimonte. A empresa apontou, segundo o documento, &#8220;inconsist\u00eancias e desigualdades&#8221; na sele\u00e7\u00e3o do segundo semestre.<\/p>\n<p style=\"text-align: justify\">A Anima Educa\u00e7\u00e3o informou que decidiu ingressar na Justi\u00e7a para &#8220;garantir a transpar\u00eancia, a \u00e9tica e a observ\u00e2ncia, pelo Poder P\u00fablico, das regras inerentes ao Fies&#8221;. Procurado, o MEC informou que n\u00e3o vai comentar o assunto porque ainda n\u00e3o foi notificado da liminar (decis\u00e3o provis\u00f3ria).<\/p>\n<p style=\"text-align: justify\"><strong>Fonte:<br \/>\n<a href=\"http:\/\/www1.folha.uol.com.br\/educacao\/2015\/08\/1666693-mec-reabre-renovacao-de-contrato-do-fies-a-partir-desta-segunda.shtml\">Folha de S\u00e3o Paulo<\/a><\/strong><\/p>\n","protected":false},"excerpt":{"rendered":"<p>Os estudantes j\u00e1 inscritos no Fies (Fundo de Financiamento Estudantil) podem renovar o financiamento com o governo federal a partir desta segunda-feira (10) no site do Sisfies. Esta \u00e9 a&#8230;<\/p>\n","protected":false},"author":394,"featured_media":0,"comment_status":"closed","ping_status":"closed","sticky":false,"template":"","format":"standard","meta":{"inline_featured_image":false,"ngg_post_thumbnail":0,"footnotes":""},"categories":[5],"tags":[],"class_list":["post-16276","post","type-post","status-publish","format-standard","hentry","category-noticia","entry"],"_links":{"self":[{"href":"https:\/\/www2.unifap.br\/ead\/wp-json\/wp\/v2\/posts\/16276","targetHints":{"allow":["GET"]}}],"collection":[{"href":"https:\/\/www2.unifap.br\/ead\/wp-json\/wp\/v2\/posts"}],"about":[{"href":"https:\/\/www2.unifap.br\/ead\/wp-json\/wp\/v2\/types\/post"}],"author":[{"embeddable":true,"href":"https:\/\/www2.unifap.br\/ead\/wp-json\/wp\/v2\/users\/394"}],"replies":[{"embeddable":true,"href":"https:\/\/www2.unifap.br\/ead\/wp-json\/wp\/v2\/comments?post=16276"}],"version-history":[{"count":1,"href":"https:\/\/www2.unifap.br\/ead\/wp-json\/wp\/v2\/posts\/16276\/revisions"}],"predecessor-version":[{"id":16277,"href":"https:\/\/www2.unifap.br\/ead\/wp-json\/wp\/v2\/posts\/16276\/revisions\/16277"}],"wp:attachment":[{"href":"https:\/\/www2.unifap.br\/ead\/wp-json\/wp\/v2\/media?parent=16276"}],"wp:term":[{"taxonomy":"category","embeddable":true,"href":"https:\/\/www2.unifap.br\/ead\/wp-json\/wp\/v2\/categories?post=16276"},{"taxonomy":"post_tag","embeddable":true,"href":"https:\/\/www2.unifap.br\/ead\/wp-json\/wp\/v2\/tags?post=16276"}],"curies":[{"name":"wp","href":"https:\/\/api.w.org\/{rel}","templated":true}]}}