{"id":16400,"date":"2016-02-04T08:43:56","date_gmt":"2016-02-04T11:43:56","guid":{"rendered":"http:\/\/www2.unifap.br\/ead\/?p=16400"},"modified":"2016-02-04T08:44:45","modified_gmt":"2016-02-04T11:44:45","slug":"pos-graduacao","status":"publish","type":"post","link":"https:\/\/www2.unifap.br\/ead\/pos-graduacao\/","title":{"rendered":"P\u00d3S-GRADUA\u00c7\u00c3O"},"content":{"rendered":"<h1><strong>Institui\u00e7\u00f5es podem inscrever seus programas para o Brics<\/strong><\/h1>\n<p>A Coordena\u00e7\u00e3o de Aperfei\u00e7oamento de Pessoal de N\u00edvel Superior (Capes) prorrogou at\u00e9 as 18h desta quinta-feira, 4, o prazo de inscri\u00e7\u00e3o para sele\u00e7\u00e3o de programas de p\u00f3s-gradua\u00e7\u00e3o de institui\u00e7\u00f5es de ensino superior brasileiras para a Universidade em Rede do Brics, o grupo de pa\u00edses emergentes que re\u00fane Brasil, R\u00fassia, \u00cdndia, China e \u00c1frica do Sul.<\/p>\n<p>As institui\u00e7\u00f5es selecionadas dever\u00e3o desenvolver atividades relacionadas ao desenvolvimento de projetos pedag\u00f3gicos comuns de mestrados profissionais, acad\u00eamicos e doutorados, em l\u00edngua inglesa, no \u00e2mbito da Universidade em Rede em parceria com as institui\u00e7\u00f5es indicadas pelos pa\u00edses do Brics. As propostas de cursos novos ser\u00e3o submetidas \u00e0 Capes, em conformidade com as normas e regulamenta\u00e7\u00f5es relacionadas ao Sistema Nacional de P\u00f3s-Gradua\u00e7\u00e3o (SNPG).<\/p>\n<p>Poder\u00e3o participar programas de p\u00f3s-gradua\u00e7\u00e3o de excel\u00eancia. Podem ser inscritas propostas vinculadas a institui\u00e7\u00e3o de ensino superior, p\u00fablica ou privada, que possua programas recomendados pela Capes com nota 6 ou 7, relacionados \u00e0s \u00e1reas tem\u00e1ticas do edital n\u00ba 3\/2015. Entre as diversas \u00e1reas est\u00e3o temas como energia, recursos h\u00eddricos, tratamento da polui\u00e7\u00e3o e economia.<\/p>\n<p>Os programas aprovados dever\u00e3o reconhecer, por meio de certifica\u00e7\u00e3o ou diploma\u00e7\u00e3o conjunta, atividades, cursos, cr\u00e9ditos, t\u00edtulos e diplomas referentes \u00e0s atividades desenvolvidas.<\/p>\n<p><a href=\"http:\/\/capes.gov.br\/images\/stories\/download\/editais\/101220\">Acesse o Edital<\/a>\u00a0n\u00ba 3\/2015, da Capes.<\/p>\n<p><em>Assessoria de Comunica\u00e7\u00e3o Social, com informa\u00e7\u00f5es da Assessoria de Imprensa da Capes<\/em><\/p>\n<p><strong>Fonte:\u00a0portal.mec.gov.br\/<\/strong><\/p>\n","protected":false},"excerpt":{"rendered":"<p>Institui\u00e7\u00f5es podem inscrever seus programas para o Brics A Coordena\u00e7\u00e3o de Aperfei\u00e7oamento de Pessoal de N\u00edvel Superior (Capes) prorrogou at\u00e9 as 18h desta quinta-feira, 4, o prazo de inscri\u00e7\u00e3o para&#8230;<\/p>\n","protected":false},"author":812,"featured_media":0,"comment_status":"closed","ping_status":"closed","sticky":false,"template":"","format":"standard","meta":{"inline_featured_image":false,"ngg_post_thumbnail":0,"footnotes":""},"categories":[5],"tags":[],"class_list":["post-16400","post","type-post","status-publish","format-standard","hentry","category-noticia","entry"],"_links":{"self":[{"href":"https:\/\/www2.unifap.br\/ead\/wp-json\/wp\/v2\/posts\/16400","targetHints":{"allow":["GET"]}}],"collection":[{"href":"https:\/\/www2.unifap.br\/ead\/wp-json\/wp\/v2\/posts"}],"about":[{"href":"https:\/\/www2.unifap.br\/ead\/wp-json\/wp\/v2\/types\/post"}],"author":[{"embeddable":true,"href":"https:\/\/www2.unifap.br\/ead\/wp-json\/wp\/v2\/users\/812"}],"replies":[{"embeddable":true,"href":"https:\/\/www2.unifap.br\/ead\/wp-json\/wp\/v2\/comments?post=16400"}],"version-history":[{"count":2,"href":"https:\/\/www2.unifap.br\/ead\/wp-json\/wp\/v2\/posts\/16400\/revisions"}],"predecessor-version":[{"id":16402,"href":"https:\/\/www2.unifap.br\/ead\/wp-json\/wp\/v2\/posts\/16400\/revisions\/16402"}],"wp:attachment":[{"href":"https:\/\/www2.unifap.br\/ead\/wp-json\/wp\/v2\/media?parent=16400"}],"wp:term":[{"taxonomy":"category","embeddable":true,"href":"https:\/\/www2.unifap.br\/ead\/wp-json\/wp\/v2\/categories?post=16400"},{"taxonomy":"post_tag","embeddable":true,"href":"https:\/\/www2.unifap.br\/ead\/wp-json\/wp\/v2\/tags?post=16400"}],"curies":[{"name":"wp","href":"https:\/\/api.w.org\/{rel}","templated":true}]}}