{"id":1648,"date":"2013-04-12T11:23:55","date_gmt":"2013-04-12T14:23:55","guid":{"rendered":"http:\/\/www2.unifap.br\/ead\/?p=1648"},"modified":"2013-10-16T11:10:23","modified_gmt":"2013-10-16T14:10:23","slug":"comunicado","status":"publish","type":"post","link":"https:\/\/www2.unifap.br\/ead\/comunicado\/","title":{"rendered":"COMUNICADO EDITAL 05\/2013_CURSO ADM. P\u00daBLICA"},"content":{"rendered":"<p style=\"text-align: center;\">&nbsp;<\/p>\n<p style=\"text-align: center;\">MINIST\u00c9RIO DA EDUCA\u00c7\u00c3O<\/p>\n<p style=\"text-align: center;\">UNIVERSIDADE FEDERAL DO AMAP\u00c1<\/p>\n<p style=\"text-align: center;\">PR\u00d3-REITORIA DE ENSINO E GRADUA\u00c7\u00c3O<\/p>\n<p style=\"text-align: center;\">DEPARTAMENTO DE EDUCA\u00c7\u00c3O A DIST\u00c2NCIA<\/p>\n<p style=\"text-align: center;\">&nbsp;<\/p>\n<h2 style=\"text-align: center;\"><span style=\"color: #000000;\"><strong>COMUNICADO<\/strong><\/span><\/h2>\n<p><span style=\"color: #000000;\"><strong><br \/>\n<\/strong><\/span><\/p>\n<p><span style=\"color: #000000;\"><strong> <\/strong><\/span><\/p>\n<p><span style=\"color: #000000;\"><strong> <\/strong><\/span><\/p>\n<h3 style=\"text-align: justify;\"><span style=\"color: #000000;\"><span style=\"text-align: justify;\">A Coordena\u00e7\u00e3o da Universidade Aberta do Brasil \u2013 UAB\/UNIFAP, no uso de suas atribui\u00e7\u00f5es legais, torna p\u00fablico que far\u00e1 a publica\u00e7\u00e3o do <\/span><strong style=\"text-align: justify;\">resultado final<\/strong><span style=\"text-align: justify;\"> <\/span><strong style=\"text-align: justify;\">do Processo Seletivo Simplificado do Curso de Bacharelado em Administra\u00e7\u00e3o P\u00fablica<\/strong><span style=\"text-align: justify;\"> na modalidade \u00e0 dist\u00e2ncia at\u00e9 o dia 18 de Abril de 2013.<\/span><\/span><\/h3>\n<p>&nbsp;<\/p>\n<p><span style=\"color: #000000;\"><strong> <\/strong><\/span><\/p>\n<p><span style=\"color: #000000;\"><strong> <\/strong><\/span><\/p>\n<p><span style=\"color: #000000;\"><strong> <\/strong><\/span><\/p>\n<p><span style=\"color: #000000;\"><strong> <\/strong><\/span><\/p>\n<h3 style=\"text-align: right;\"><span style=\"color: #000000;\">Macap\u00e1, 12\/04\/2013<\/span><\/h3>\n<p style=\"text-align: center;\">&nbsp;<\/p>\n<h3 style=\"text-align: center;\"><span style=\"color: #000000;\">Margareth Guerra dos Santos<\/span><\/h3>\n<h3 style=\"text-align: center;\"><span style=\"color: #000000;\">Coordenadora UAB\/UNIFAP<\/span><\/h3>\n<h3 style=\"text-align: center;\"><span style=\"color: #000000;\">Portaria N\u00ba 655\/2012-UNIFAP<\/span><\/h3>\n<p><span style=\"color: #000000;\"><br \/>\n<\/span><\/p>\n<p style=\"text-align: left;\"><strong>BAIXAR<\/strong><\/p>\n<p style=\"text-align: left;\"><a href=\"http:\/\/www2.unifap.br\/ead\/files\/2013\/04\/COMUNICADO_EDITAL_05-2013.pdf\" target=\"_blank\">COMUNICADO_EDITAL_05-2013<\/a><\/p>\n","protected":false},"excerpt":{"rendered":"<p>&nbsp; MINIST\u00c9RIO DA EDUCA\u00c7\u00c3O UNIVERSIDADE FEDERAL DO AMAP\u00c1 PR\u00d3-REITORIA DE ENSINO E GRADUA\u00c7\u00c3O DEPARTAMENTO DE EDUCA\u00c7\u00c3O A DIST\u00c2NCIA &nbsp; COMUNICADO A Coordena\u00e7\u00e3o da Universidade Aberta do Brasil \u2013 UAB\/UNIFAP, no&#8230;<\/p>\n","protected":false},"author":153,"featured_media":0,"comment_status":"closed","ping_status":"open","sticky":false,"template":"","format":"standard","meta":{"inline_featured_image":false,"ngg_post_thumbnail":0,"footnotes":""},"categories":[11,5],"tags":[],"class_list":["post-1648","post","type-post","status-publish","format-standard","hentry","category-destaque","category-noticia","entry"],"_links":{"self":[{"href":"https:\/\/www2.unifap.br\/ead\/wp-json\/wp\/v2\/posts\/1648","targetHints":{"allow":["GET"]}}],"collection":[{"href":"https:\/\/www2.unifap.br\/ead\/wp-json\/wp\/v2\/posts"}],"about":[{"href":"https:\/\/www2.unifap.br\/ead\/wp-json\/wp\/v2\/types\/post"}],"author":[{"embeddable":true,"href":"https:\/\/www2.unifap.br\/ead\/wp-json\/wp\/v2\/users\/153"}],"replies":[{"embeddable":true,"href":"https:\/\/www2.unifap.br\/ead\/wp-json\/wp\/v2\/comments?post=1648"}],"version-history":[{"count":20,"href":"https:\/\/www2.unifap.br\/ead\/wp-json\/wp\/v2\/posts\/1648\/revisions"}],"predecessor-version":[{"id":5843,"href":"https:\/\/www2.unifap.br\/ead\/wp-json\/wp\/v2\/posts\/1648\/revisions\/5843"}],"wp:attachment":[{"href":"https:\/\/www2.unifap.br\/ead\/wp-json\/wp\/v2\/media?parent=1648"}],"wp:term":[{"taxonomy":"category","embeddable":true,"href":"https:\/\/www2.unifap.br\/ead\/wp-json\/wp\/v2\/categories?post=1648"},{"taxonomy":"post_tag","embeddable":true,"href":"https:\/\/www2.unifap.br\/ead\/wp-json\/wp\/v2\/tags?post=1648"}],"curies":[{"name":"wp","href":"https:\/\/api.w.org\/{rel}","templated":true}]}}