{"id":1775,"date":"2013-04-23T16:14:15","date_gmt":"2013-04-23T19:14:15","guid":{"rendered":"http:\/\/www2.unifap.br\/ead\/?p=1775"},"modified":"2013-10-16T11:10:23","modified_gmt":"2013-10-16T14:10:23","slug":"comunicado-pss-adm-publica-23042013","status":"publish","type":"post","link":"https:\/\/www2.unifap.br\/ead\/comunicado-pss-adm-publica-23042013\/","title":{"rendered":"Comunicado PSS ADM. P\u00fablica 23\/04\/2013"},"content":{"rendered":"<p style=\"text-align: center;\">MINIST\u00c9RIO DA EDUCA\u00c7\u00c3O<\/p>\n<p style=\"text-align: center;\">UNIVERSIDADE FEDERAL DO AMAP\u00c1<\/p>\n<p style=\"text-align: center;\">PR\u00d3-REITORIA DE ENSINO E GRADUA\u00c7\u00c3O<\/p>\n<p style=\"text-align: center;\">DEPARTAMENTO DE EDUCA\u00c7\u00c3O A DIST\u00c2NCIA<\/p>\n<p style=\"text-align: center;\">&nbsp;<\/p>\n<p style=\"text-align: center;\"><strong>COMUNICADO<\/strong><\/p>\n<p style=\"text-align: justify;\">A Coordena\u00e7\u00e3o do n\u00facleo Universidade Aberta do Brasil, no uso de suas atribui\u00e7\u00f5es legais, COMUNICA que em raz\u00e3o do elevado n\u00famero de recursos administrativos interpostos ante o resultado provis\u00f3rio do PSS para ingresso no curso de bacharelado em administra\u00e7\u00e3o p\u00fablica, modalidade \u00e0 dist\u00e2ncia, publicar\u00e1 o resultado final no dia 03 de maio de 2013, atrav\u00e9s dos endere\u00e7os eletr\u00f4nicos www.unifap.br e www2.unifap.br\/ead.<\/p>\n<p style=\"text-align: right;\">&nbsp;<\/p>\n<p style=\"text-align: right;\">Macap\u00e1, 23 de abril de 2013<\/p>\n<p style=\"text-align: right;\">&nbsp;<\/p>\n<p style=\"text-align: right;\">&nbsp;<\/p>\n<p style=\"text-align: center;\">Kelly Huany de M. Braga<\/p>\n<p style=\"text-align: center;\">Coordenadora UAB adjunta<\/p>\n<p style=\"text-align: center;\">Portaria n\u00ba 800\/2012 &#8211; UNIFAP<\/p>\n<p style=\"text-align: center;\">&nbsp;<\/p>\n","protected":false},"excerpt":{"rendered":"<p>MINIST\u00c9RIO DA EDUCA\u00c7\u00c3O UNIVERSIDADE FEDERAL DO AMAP\u00c1 PR\u00d3-REITORIA DE ENSINO E GRADUA\u00c7\u00c3O DEPARTAMENTO DE EDUCA\u00c7\u00c3O A DIST\u00c2NCIA &nbsp; COMUNICADO A Coordena\u00e7\u00e3o do n\u00facleo Universidade Aberta do Brasil, no uso de&#8230;<\/p>\n","protected":false},"author":153,"featured_media":0,"comment_status":"closed","ping_status":"open","sticky":false,"template":"","format":"standard","meta":{"inline_featured_image":false,"ngg_post_thumbnail":0,"footnotes":""},"categories":[11,5],"tags":[],"class_list":["post-1775","post","type-post","status-publish","format-standard","hentry","category-destaque","category-noticia","entry"],"_links":{"self":[{"href":"https:\/\/www2.unifap.br\/ead\/wp-json\/wp\/v2\/posts\/1775","targetHints":{"allow":["GET"]}}],"collection":[{"href":"https:\/\/www2.unifap.br\/ead\/wp-json\/wp\/v2\/posts"}],"about":[{"href":"https:\/\/www2.unifap.br\/ead\/wp-json\/wp\/v2\/types\/post"}],"author":[{"embeddable":true,"href":"https:\/\/www2.unifap.br\/ead\/wp-json\/wp\/v2\/users\/153"}],"replies":[{"embeddable":true,"href":"https:\/\/www2.unifap.br\/ead\/wp-json\/wp\/v2\/comments?post=1775"}],"version-history":[{"count":4,"href":"https:\/\/www2.unifap.br\/ead\/wp-json\/wp\/v2\/posts\/1775\/revisions"}],"predecessor-version":[{"id":5840,"href":"https:\/\/www2.unifap.br\/ead\/wp-json\/wp\/v2\/posts\/1775\/revisions\/5840"}],"wp:attachment":[{"href":"https:\/\/www2.unifap.br\/ead\/wp-json\/wp\/v2\/media?parent=1775"}],"wp:term":[{"taxonomy":"category","embeddable":true,"href":"https:\/\/www2.unifap.br\/ead\/wp-json\/wp\/v2\/categories?post=1775"},{"taxonomy":"post_tag","embeddable":true,"href":"https:\/\/www2.unifap.br\/ead\/wp-json\/wp\/v2\/tags?post=1775"}],"curies":[{"name":"wp","href":"https:\/\/api.w.org\/{rel}","templated":true}]}}