{"id":1936,"date":"2013-04-01T10:10:08","date_gmt":"2013-04-01T13:10:08","guid":{"rendered":"http:\/\/www2.unifap.br\/ead\/?p=1936"},"modified":"2013-10-16T11:10:35","modified_gmt":"2013-10-16T14:10:35","slug":"conheca_os_cursos","status":"publish","type":"post","link":"https:\/\/www2.unifap.br\/ead\/conheca_os_cursos\/","title":{"rendered":"Conhe\u00e7a os cursos"},"content":{"rendered":"<p style=\"text-align: center;\"><span style=\"color: #000000;\"><strong><em>Projeto de Implanta\u00e7\u00e3o de Cursos de Capacita\u00e7\u00e3o Presencial nos laborat\u00f3rios de inform\u00e1tica da EaD\/UNIFAP<\/em><\/strong><\/span><\/p>\n<p style=\"text-align: justify;\"><strong>1 \u2013 Uso das tecnologias na educa\u00e7\u00e3o a dist\u00e2ncia.<\/strong><\/p>\n<ul style=\"text-align: justify;\">\n<li>INTRODU\u00c7\u00c3O A INFORM\u00c1TICA;<\/li>\n<li>AMBIENTE VIRTUAL DE APRENDIZAGEM &#8211; MOODLE 2.4;<\/li>\n<li>REDES SOCIAIS.<\/li>\n<\/ul>\n<p style=\"text-align: justify;\">O curso ser\u00e1 destinado aos alunos que estejam concluindo o ensino m\u00e9dio em 2013 ou que tenham conclu\u00eddo o ensino m\u00e9dio em anos anteriores em escolas da rede p\u00fablica, bem como, n\u00e3o tenham ingressado em curso de gradua\u00e7\u00e3o. O objetivo do curso \u00e9 despertar o interesse e preparar o futuro candidato a uma vaga nos cursos de gradua\u00e7\u00e3o oferecidos pelo Departamento de Educa\u00e7\u00e3o a Dist\u00e2ncia &#8211; DEaD. O aluno aprender\u00e1 a utilizar as atuais ferramentas de ambiente virtual de aprendizagem, a internet como fonte de pesquisa e as redes sociais como meio de intera\u00e7\u00e3o e comunica\u00e7\u00e3o social.<\/p>\n<p style=\"text-align: justify;\">&nbsp;<\/p>\n<p style=\"text-align: justify;\"><strong>2 \u2013 Manuten\u00e7\u00e3o de microcomputadores &#8211; Modulo I.<\/strong><\/p>\n<ul style=\"text-align: justify;\">\n<li>Introdu\u00e7\u00e3o aos hardwares;<\/li>\n<li>Identificado os principais componentes que comp\u00f5e o microcomputador;<\/li>\n<li>Montagem e desmontagem de microcomputadores;<\/li>\n<li>Manuten\u00e7\u00e3o preventiva e corretiva em microcomputadores.<\/li>\n<\/ul>\n<p style=\"text-align: justify;\"><strong>2.1 \u2013 Manuten\u00e7\u00e3o de microcomputadores &#8211; Modulo II.<\/strong><\/p>\n<ul style=\"text-align: justify;\">\n<li>Introdu\u00e7\u00e3o aos softwares;<\/li>\n<li>Conhecendo os principais sistemas operacionais: livres e propriet\u00e1rios (Linux e Windows);<\/li>\n<li>Instala\u00e7\u00e3o, reinstala\u00e7\u00e3o, recupera\u00e7\u00e3o e configura\u00e7\u00e3o de sistemas operativos (Windows 7 e 8);<\/li>\n<li>Manuten\u00e7\u00e3o preventiva e corretiva de sistemas operacionais (Windows 7 e 8).<\/li>\n<\/ul>\n<p style=\"text-align: justify;\">O curso contemplar\u00e1 os adolescentes que esteja cursando o ensino m\u00e9dio na rede p\u00fablica com o objetivo de prepara-los para atuarem em est\u00e1gios e\/ou programas de inclus\u00e3o no mercado de trabalho oferecido pelo governo. Ap\u00f3s a conclus\u00e3o do curso o aluno estar\u00e1 apto a prestar auxilio nos setores de servi\u00e7os t\u00e9cnicos de empresas privadas e institui\u00e7\u00f5es p\u00fablicas, colaborando nas atividades como montagem e desmontagem de microcomputadores e instala\u00e7\u00e3o de software.<\/p>\n<p style=\"text-align: justify;\">&nbsp;<\/p>\n<p style=\"text-align: justify;\"><strong>3 \u2013 Inform\u00e1tica aplicada aos servi\u00e7os administrativos.<\/strong><\/p>\n<ul style=\"text-align: justify;\">\n<li>Introdu\u00e7\u00e3o as principais ferramentas propriet\u00e1rias de edi\u00e7\u00e3o de documentos: Microsoft Office 2010 (Word, Excel e PowerPoint) e Adobe (Acrobat PDF);<\/li>\n<li>Edi\u00e7\u00e3o de documento com o Word;<\/li>\n<li>Edi\u00e7\u00e3o de planilha com Excel;<\/li>\n<li>Edi\u00e7\u00e3o de slide com PowerPoint;<\/li>\n<li>Edi\u00e7\u00e3o de PDF com Acrobat;<\/li>\n<li>Introdu\u00e7\u00e3o a redes: usu\u00e1rio e dom\u00ednio;<\/li>\n<li>Internet: e-mail e download de arquivos.<\/li>\n<\/ul>\n<p style=\"text-align: justify;\">O curso tem como publico alvo, os candidatos que atuam em setores administrativos p\u00fablicos ou privados e que sentem a necessidade de se aperfei\u00e7oar\/capacitar na utiliza\u00e7\u00e3o de fermentas de edi\u00e7\u00e3o de documentos. Ap\u00f3s a conclus\u00e3o do curso o aluno estar\u00e1 apto a utilizar de forma consciente e adequada as ferramentas de edi\u00e7\u00e3o de documentos na elabora\u00e7\u00e3o de relat\u00f3rios, fich\u00e1rios, memorandos, of\u00edcios, e-mails, slides e outros.<\/p>\n<p style=\"text-align: justify;\">&nbsp;<\/p>\n<p style=\"text-align: justify;\"><strong>4 \u2013 Gerenciamento e cabeamento de redes.<\/strong><\/p>\n<ul style=\"text-align: justify;\">\n<li>Introdu\u00e7\u00e3o a redes;<\/li>\n<li>Conhecendo os softwares de gerenciamento de rede: IPScan, UltraVNC e SmarteCode;<\/li>\n<li>Acesso remoto dentro de um dom\u00ednio;<\/li>\n<li>Cabeamento: clipagem de padr\u00e3o \u201cA\u201d e \u201cB\u201d com conector RJ45 e cabo par tran\u00e7ado categoria 5 ou superior;<\/li>\n<li>Criando rede ponto-a-ponto.<\/li>\n<\/ul>\n<p style=\"text-align: justify;\">O curso contemplar\u00e1 os adolescentes que esteja cursando o ensino m\u00e9dio na rede p\u00fablica com o objetivo de prepara-los para atuarem em est\u00e1gios e\/ou programas de inclus\u00e3o no mercado de trabalho oferecido pelo governo. Ap\u00f3s a conclus\u00e3o do curso o aluno estar\u00e1 apto a prestar auxilio nos setores de servi\u00e7os t\u00e9cnicos de empresas privadas e institui\u00e7\u00f5es p\u00fablicas, colaborando nas atividades gerenciamento e cabeamento de rede.<\/p>\n<p style=\"text-align: justify;\">&nbsp;<\/p>\n<p style=\"text-align: justify;\"><strong> <\/strong><\/p>\n<p style=\"text-align: justify;\"><strong>5 &#8211; Desenvolvimento de p\u00e1ginas para Internet<\/strong><\/p>\n<ul style=\"text-align: justify;\">\n<li>Introdu\u00e7\u00e3o ao HTML 5;<\/li>\n<li>Introdu\u00e7\u00e3o a linguagem de estilo CSS;<\/li>\n<li>Introdu\u00e7\u00e3o ao PHP 5;<\/li>\n<li>Servidor local wamp;<\/li>\n<li>Cria\u00e7\u00e3o de banner para o site com o CorelDRAW X6 e illustrator CS6;<\/li>\n<li>Pr\u00e1tica no desenvolvimento de site.<\/li>\n<\/ul>\n<p style=\"text-align: justify;\">O curso tem como publico alvo qualificar e especializar os alunos para atua\u00e7\u00e3o no segmento de desenvolvimento de websites. \u00a0Capacitar profissionais capazes de compreender e atuar de maneira abrangente no processo de produ\u00e7\u00e3o de m\u00eddias digitais, preparando-os para atua\u00e7\u00e3o em um mercado emergente.<\/p>\n<p style=\"text-align: justify;\">&nbsp;<\/p>\n<p style=\"text-align: justify;\"><em><strong>Cursos ser\u00e3o realizados nos laborat\u00f3rios de inform\u00e1tica da Unifap\/DEaD, por Especialistas e T\u00e9cnicos formados na \u00e1rea e ser\u00e3o expedidos certificados de participa\u00e7\u00e3o pelo pr\u00f3prio departamento DEaD\/Unifap.<\/strong><\/em><\/p>\n","protected":false},"excerpt":{"rendered":"<p>Projeto de Implanta\u00e7\u00e3o de Cursos de Capacita\u00e7\u00e3o Presencial nos laborat\u00f3rios de inform\u00e1tica da EaD\/UNIFAP 1 \u2013 Uso das tecnologias na educa\u00e7\u00e3o a dist\u00e2ncia. INTRODU\u00c7\u00c3O A INFORM\u00c1TICA; AMBIENTE VIRTUAL DE APRENDIZAGEM&#8230;<\/p>\n","protected":false},"author":153,"featured_media":0,"comment_status":"closed","ping_status":"open","sticky":false,"template":"","format":"standard","meta":{"inline_featured_image":false,"ngg_post_thumbnail":0,"footnotes":""},"categories":[5],"tags":[],"class_list":["post-1936","post","type-post","status-publish","format-standard","hentry","category-noticia","entry"],"_links":{"self":[{"href":"https:\/\/www2.unifap.br\/ead\/wp-json\/wp\/v2\/posts\/1936","targetHints":{"allow":["GET"]}}],"collection":[{"href":"https:\/\/www2.unifap.br\/ead\/wp-json\/wp\/v2\/posts"}],"about":[{"href":"https:\/\/www2.unifap.br\/ead\/wp-json\/wp\/v2\/types\/post"}],"author":[{"embeddable":true,"href":"https:\/\/www2.unifap.br\/ead\/wp-json\/wp\/v2\/users\/153"}],"replies":[{"embeddable":true,"href":"https:\/\/www2.unifap.br\/ead\/wp-json\/wp\/v2\/comments?post=1936"}],"version-history":[{"count":20,"href":"https:\/\/www2.unifap.br\/ead\/wp-json\/wp\/v2\/posts\/1936\/revisions"}],"predecessor-version":[{"id":5854,"href":"https:\/\/www2.unifap.br\/ead\/wp-json\/wp\/v2\/posts\/1936\/revisions\/5854"}],"wp:attachment":[{"href":"https:\/\/www2.unifap.br\/ead\/wp-json\/wp\/v2\/media?parent=1936"}],"wp:term":[{"taxonomy":"category","embeddable":true,"href":"https:\/\/www2.unifap.br\/ead\/wp-json\/wp\/v2\/categories?post=1936"},{"taxonomy":"post_tag","embeddable":true,"href":"https:\/\/www2.unifap.br\/ead\/wp-json\/wp\/v2\/tags?post=1936"}],"curies":[{"name":"wp","href":"https:\/\/api.w.org\/{rel}","templated":true}]}}