{"id":1980,"date":"2013-05-07T07:51:24","date_gmt":"2013-05-07T10:51:24","guid":{"rendered":"http:\/\/www2.unifap.br\/ead\/?p=1980"},"modified":"2013-10-16T11:10:23","modified_gmt":"2013-10-16T14:10:23","slug":"o-e-learning-como-ferramenta-estrategica-para-o-treinamento-e-o-desenvolvimento-de-pessoas-e-organizacoes","status":"publish","type":"post","link":"https:\/\/www2.unifap.br\/ead\/o-e-learning-como-ferramenta-estrategica-para-o-treinamento-e-o-desenvolvimento-de-pessoas-e-organizacoes\/","title":{"rendered":"O E-LEARNING COMO FERRAMENTA ESTRAT\u00c9GICA PARA O TREINAMENTO E O DESENVOLVIMENTO DE PESSOAS E ORGANIZA\u00c7\u00d5ES"},"content":{"rendered":"<p><em>Patr\u00edcia Cunha Fernandes &#8211;\u00a0Especialista em Marketing<\/em><\/p>\n<p style=\"text-align: justify;\">No s\u00e9culo XXI, a informa\u00e7\u00e3o e o conhecimento se tornam cada vez mais importante para o mundo como um todo.<\/p>\n<p style=\"text-align: justify;\">Hoje, um dos espa\u00e7os onde a educa\u00e7\u00e3o mais cresce \u00e9 nas empresas, como uma ferramenta estrat\u00e9gica para desenvolver e ampliar o neg\u00f3cio. A Educa\u00e7\u00e3o Corporativa se estabeleceu no mercado para atender a expectativa de vencer a concorr\u00eancia com estrat\u00e9gias sustent\u00e1veis e econ\u00f4micas. Os prazos para alcan\u00e7ar as metas organizacionais est\u00e3o mais curtos, porque as transforma\u00e7\u00f5es s\u00e3o quase instant\u00e2neas.<\/p>\n<p style=\"text-align: justify;\">Este artigo pretende iniciar uma pesquisa sobre os impactos das novas tecnologias quando s\u00e3o aplicadas \u00e0 educa\u00e7\u00e3o. Neste caso, mais especificamente, a Educa\u00e7\u00e3o Corporativa a Dist\u00e2ncia, um cen\u00e1rio onde assistimos o acelerado crescimento de cursos e-Learning por gerar excelentes resultados na gest\u00e3o e no desenvolvimento de pessoas, e consequentemente, nas organiza\u00e7\u00f5es em que elas trabalham.<\/p>\n<p>Acesse o artigo na \u00edntegra neste <a href=\"http:\/\/www.abed.org.br\/media\/artigo_elearning.pdf\" target=\"_blank\">link<\/a>.<\/p>\n<p><em><strong>Fonte:<\/strong><\/em><\/p>\n<p><a href=\"Patr\u00edcia Cunha Fernandes - Especialista em Marketing   No s\u00e9culo XXI, a informa\u00e7\u00e3o e o conhecimento se tornam cada vez mais importante para o mundo como um todo.   Hoje, um dos espa\u00e7os onde a educa\u00e7\u00e3o mais cresce \u00e9 nas empresas, como uma ferramenta estrat\u00e9gica para desenvolver e ampliar o neg\u00f3cio. A Educa\u00e7\u00e3o Corporativa se estabeleceu no mercado para atender a expectativa de vencer a concorr\u00eancia com estrat\u00e9gias sustent\u00e1veis e econ\u00f4micas. Os prazos para alcan\u00e7ar as metas organizacionais est\u00e3o mais curtos, porque as transforma\u00e7\u00f5es s\u00e3o quase instant\u00e2neas. Este artigo pretende iniciar uma pesquisa sobre os impactos das novas tecnologias quando s\u00e3o aplicadas \u00e0 educa\u00e7\u00e3o. Neste caso, mais especificamente, a Educa\u00e7\u00e3o Corporativa a Dist\u00e2ncia, um cen\u00e1rio onde assistimos o acelerado crescimento de cursos e-Learning por gerar excelentes resultados na gest\u00e3o e no desenvolvimento de pessoas, e consequentemente, nas organiza\u00e7\u00f5es em que elas trabalham.  Acesse o artigo na \u00edntegra neste link.  Fonte:  http:\/\/www.abed.org.br\/site\/pt\/midiateca\/textos_ead\/1100\/http\/\/www.abed.org.br\/media\/artigo_elearning.pdf\">http:\/\/www.abed.org.br\/site\/pt\/midiateca\/textos_ead\/1100\/http\/\/www.abed.org.br\/media\/artigo_elearning.pdf<br \/>\n<\/a><\/p>\n<p>&nbsp;<\/p>\n","protected":false},"excerpt":{"rendered":"<p>Patr\u00edcia Cunha Fernandes &#8211;\u00a0Especialista em Marketing No s\u00e9culo XXI, a informa\u00e7\u00e3o e o conhecimento se tornam cada vez mais importante para o mundo como um todo. Hoje, um dos espa\u00e7os&#8230;<\/p>\n","protected":false},"author":153,"featured_media":0,"comment_status":"closed","ping_status":"open","sticky":false,"template":"","format":"standard","meta":{"inline_featured_image":false,"ngg_post_thumbnail":0,"footnotes":""},"categories":[5],"tags":[],"class_list":["post-1980","post","type-post","status-publish","format-standard","hentry","category-noticia","entry"],"_links":{"self":[{"href":"https:\/\/www2.unifap.br\/ead\/wp-json\/wp\/v2\/posts\/1980","targetHints":{"allow":["GET"]}}],"collection":[{"href":"https:\/\/www2.unifap.br\/ead\/wp-json\/wp\/v2\/posts"}],"about":[{"href":"https:\/\/www2.unifap.br\/ead\/wp-json\/wp\/v2\/types\/post"}],"author":[{"embeddable":true,"href":"https:\/\/www2.unifap.br\/ead\/wp-json\/wp\/v2\/users\/153"}],"replies":[{"embeddable":true,"href":"https:\/\/www2.unifap.br\/ead\/wp-json\/wp\/v2\/comments?post=1980"}],"version-history":[{"count":3,"href":"https:\/\/www2.unifap.br\/ead\/wp-json\/wp\/v2\/posts\/1980\/revisions"}],"predecessor-version":[{"id":5832,"href":"https:\/\/www2.unifap.br\/ead\/wp-json\/wp\/v2\/posts\/1980\/revisions\/5832"}],"wp:attachment":[{"href":"https:\/\/www2.unifap.br\/ead\/wp-json\/wp\/v2\/media?parent=1980"}],"wp:term":[{"taxonomy":"category","embeddable":true,"href":"https:\/\/www2.unifap.br\/ead\/wp-json\/wp\/v2\/categories?post=1980"},{"taxonomy":"post_tag","embeddable":true,"href":"https:\/\/www2.unifap.br\/ead\/wp-json\/wp\/v2\/tags?post=1980"}],"curies":[{"name":"wp","href":"https:\/\/api.w.org\/{rel}","templated":true}]}}