{"id":21176,"date":"2019-08-12T15:56:24","date_gmt":"2019-08-12T18:56:24","guid":{"rendered":"http:\/\/www2.unifap.br\/ead\/?p=21176"},"modified":"2019-08-12T15:58:59","modified_gmt":"2019-08-12T18:58:59","slug":"prorrogacao-de-chamada-licenciatura-em-educacao-fisica-ead","status":"publish","type":"post","link":"https:\/\/www2.unifap.br\/ead\/prorrogacao-de-chamada-licenciatura-em-educacao-fisica-ead\/","title":{"rendered":"Prorroga\u00e7\u00e3o de chamada &#8211; Licenciatura em Educa\u00e7\u00e3o F\u00edsica EAD"},"content":{"rendered":"\t\t<div data-elementor-type=\"wp-post\" data-elementor-id=\"21176\" class=\"elementor elementor-21176 elementor-bc-flex-widget\">\n\t\t\t\t\t\t<section class=\"elementor-section elementor-top-section elementor-element elementor-element-65d9b95 elementor-section-boxed elementor-section-height-default elementor-section-height-default\" data-id=\"65d9b95\" data-element_type=\"section\" data-e-type=\"section\">\n\t\t\t\t\t\t<div class=\"elementor-container elementor-column-gap-default\">\n\t\t\t\t\t<div class=\"elementor-column elementor-col-100 elementor-top-column elementor-element elementor-element-0412ea7\" data-id=\"0412ea7\" data-element_type=\"column\" data-e-type=\"column\">\n\t\t\t<div class=\"elementor-widget-wrap elementor-element-populated\">\n\t\t\t\t\t\t<div class=\"elementor-element elementor-element-1e694b7 elementor-widget elementor-widget-text-editor\" data-id=\"1e694b7\" data-element_type=\"widget\" data-e-type=\"widget\" data-widget_type=\"text-editor.default\">\n\t\t\t\t<div class=\"elementor-widget-container\">\n\t\t\t\t\t\t\t\t\t<p><span style=\"color: #000000;\">A diretora do Departamento de Educa\u00e7\u00e3o a Dist\u00e2ncia \u2013 DEAD, no uso de suas atribui\u00e7\u00f5es legais, resolve prorrogar por 06 (Seis) meses as chamadas:<\/span><\/p><p><span style=\"color: #000000;\">\u2022Chamada interna n\u00ba03\/2018 para Professor Formador: Educa\u00e7\u00e3o F\u00edsica <\/span><\/p><p><span style=\"color: #000000;\">\u2022Chamada externa n\u00ba01\/2019 para Professor Formador: Educa\u00e7\u00e3o F\u00edsica<\/span><\/p><p><span style=\"color: #000000;\"> \u2022Chamada n\u00ba01\/2019 para Tutor presencial e a dist\u00e2ncia: Educa\u00e7\u00e3o F\u00edsica.<\/span><\/p><p><a href=\"http:\/\/www2.unifap.br\/ead\/files\/2019\/08\/PRORROGA\u00c7\u00c3O-DAS-CHAMADAS-2019.pdf\"><span style=\"color: #000000;\">Baixe este arquivo.<\/span><\/a><\/p><div>\u00a0<\/div><div>\u00a0<\/div>\t\t\t\t\t\t\t\t<\/div>\n\t\t\t\t<\/div>\n\t\t\t\t\t<\/div>\n\t\t<\/div>\n\t\t\t\t\t<\/div>\n\t\t<\/section>\n\t\t\t\t<\/div>\n\t\t","protected":false},"excerpt":{"rendered":"<p>A diretora do Departamento de Educa\u00e7\u00e3o a Dist\u00e2ncia \u2013 DEAD, no uso de suas atribui\u00e7\u00f5es legais, resolve prorrogar por 06 (Seis) meses as chamadas: \u2022Chamada interna n\u00ba03\/2018 para Professor Formador:&#8230;<\/p>\n","protected":false},"author":926,"featured_media":0,"comment_status":"closed","ping_status":"closed","sticky":false,"template":"","format":"standard","meta":{"inline_featured_image":false,"ngg_post_thumbnail":0,"footnotes":""},"categories":[5],"tags":[],"class_list":["post-21176","post","type-post","status-publish","format-standard","hentry","category-noticia","entry"],"_links":{"self":[{"href":"https:\/\/www2.unifap.br\/ead\/wp-json\/wp\/v2\/posts\/21176","targetHints":{"allow":["GET"]}}],"collection":[{"href":"https:\/\/www2.unifap.br\/ead\/wp-json\/wp\/v2\/posts"}],"about":[{"href":"https:\/\/www2.unifap.br\/ead\/wp-json\/wp\/v2\/types\/post"}],"author":[{"embeddable":true,"href":"https:\/\/www2.unifap.br\/ead\/wp-json\/wp\/v2\/users\/926"}],"replies":[{"embeddable":true,"href":"https:\/\/www2.unifap.br\/ead\/wp-json\/wp\/v2\/comments?post=21176"}],"version-history":[{"count":2,"href":"https:\/\/www2.unifap.br\/ead\/wp-json\/wp\/v2\/posts\/21176\/revisions"}],"predecessor-version":[{"id":21179,"href":"https:\/\/www2.unifap.br\/ead\/wp-json\/wp\/v2\/posts\/21176\/revisions\/21179"}],"wp:attachment":[{"href":"https:\/\/www2.unifap.br\/ead\/wp-json\/wp\/v2\/media?parent=21176"}],"wp:term":[{"taxonomy":"category","embeddable":true,"href":"https:\/\/www2.unifap.br\/ead\/wp-json\/wp\/v2\/categories?post=21176"},{"taxonomy":"post_tag","embeddable":true,"href":"https:\/\/www2.unifap.br\/ead\/wp-json\/wp\/v2\/tags?post=21176"}],"curies":[{"name":"wp","href":"https:\/\/api.w.org\/{rel}","templated":true}]}}