{"id":22603,"date":"2019-11-07T14:02:13","date_gmt":"2019-11-07T17:02:13","guid":{"rendered":"http:\/\/www2.unifap.br\/ead\/?p=22603"},"modified":"2019-11-07T14:02:13","modified_gmt":"2019-11-07T17:02:13","slug":"convite-programacao-do-i-eeprl","status":"publish","type":"post","link":"https:\/\/www2.unifap.br\/ead\/convite-programacao-do-i-eeprl\/","title":{"rendered":"Convite &#8211; Programa\u00e7\u00e3o do I EEPRL"},"content":{"rendered":"<p style=\"text-align: center\">A Coordena\u00e7\u00e3o do Curso de Especializa\u00e7\u00e3o em Doc\u00eancia para Educa\u00e7\u00e3o Penitenci\u00e1ria convida vossa senhoria para participar do I Encontro Estadual de Educa\u00e7\u00e3o em Priva\u00e7\u00e3o e Restri\u00e7\u00e3o de Liberdade, cujo objetivo \u00e9 divulgar os resultados de pesquisas desenvolvidos por estudantes do referido Curso Lato Sensu (EaD) e debater sobre as demandas recorrentes para acesso das pessoas presas e jovens infratores a educa\u00e7\u00e3o formal. &nbsp;&nbsp;<\/p>\n<p><strong>* Data<\/strong>:<strong>&nbsp;<\/strong>08 de novembro de 2019.<\/p>\n<p><strong>* Hor\u00e1rio<\/strong>: 9h.<\/p>\n<p><strong>* Local<\/strong>:<strong>&nbsp;<\/strong>Audit\u00f3rio I do Curso de Medicina\/UNIFAP.<\/p>\n<ul>\n<li style=\"text-align: left\"><strong><a href=\"http:\/\/www2.unifap.br\/ead\/files\/2019\/11\/Programa\u00e7\u00e3o-do-I-EEPRL-2019.pdf\">Programa\u00e7\u00e3o do I EEPRL 2019<\/a><\/strong><\/li>\n<\/ul>\n","protected":false},"excerpt":{"rendered":"<p>A Coordena\u00e7\u00e3o do Curso de Especializa\u00e7\u00e3o em Doc\u00eancia para Educa\u00e7\u00e3o Penitenci\u00e1ria convida vossa senhoria para participar do I Encontro Estadual de Educa\u00e7\u00e3o em Priva\u00e7\u00e3o e Restri\u00e7\u00e3o de Liberdade, cujo objetivo&#8230;<\/p>\n","protected":false},"author":812,"featured_media":0,"comment_status":"closed","ping_status":"closed","sticky":false,"template":"","format":"standard","meta":{"inline_featured_image":false,"ngg_post_thumbnail":0,"footnotes":""},"categories":[5],"tags":[],"class_list":["post-22603","post","type-post","status-publish","format-standard","hentry","category-noticia","entry"],"_links":{"self":[{"href":"https:\/\/www2.unifap.br\/ead\/wp-json\/wp\/v2\/posts\/22603","targetHints":{"allow":["GET"]}}],"collection":[{"href":"https:\/\/www2.unifap.br\/ead\/wp-json\/wp\/v2\/posts"}],"about":[{"href":"https:\/\/www2.unifap.br\/ead\/wp-json\/wp\/v2\/types\/post"}],"author":[{"embeddable":true,"href":"https:\/\/www2.unifap.br\/ead\/wp-json\/wp\/v2\/users\/812"}],"replies":[{"embeddable":true,"href":"https:\/\/www2.unifap.br\/ead\/wp-json\/wp\/v2\/comments?post=22603"}],"version-history":[{"count":1,"href":"https:\/\/www2.unifap.br\/ead\/wp-json\/wp\/v2\/posts\/22603\/revisions"}],"predecessor-version":[{"id":22605,"href":"https:\/\/www2.unifap.br\/ead\/wp-json\/wp\/v2\/posts\/22603\/revisions\/22605"}],"wp:attachment":[{"href":"https:\/\/www2.unifap.br\/ead\/wp-json\/wp\/v2\/media?parent=22603"}],"wp:term":[{"taxonomy":"category","embeddable":true,"href":"https:\/\/www2.unifap.br\/ead\/wp-json\/wp\/v2\/categories?post=22603"},{"taxonomy":"post_tag","embeddable":true,"href":"https:\/\/www2.unifap.br\/ead\/wp-json\/wp\/v2\/tags?post=22603"}],"curies":[{"name":"wp","href":"https:\/\/api.w.org\/{rel}","templated":true}]}}