{"id":2468,"date":"2013-05-16T07:21:35","date_gmt":"2013-05-16T10:21:35","guid":{"rendered":"http:\/\/www2.unifap.br\/ead\/?p=2468"},"modified":"2013-10-16T11:10:23","modified_gmt":"2013-10-16T14:10:23","slug":"comunicado-sobre-o-ps2014-unifap","status":"publish","type":"post","link":"https:\/\/www2.unifap.br\/ead\/comunicado-sobre-o-ps2014-unifap\/","title":{"rendered":"Comunicado sobre o PS\/2014 &#8211; UNIFAP"},"content":{"rendered":"<p style=\"text-align: justify;\">A Universidade Federal do Amap\u00e1 &#8211; UNIFAP, atrav\u00e9s do Departamento de Processos Seletivos e Concursos \u0096 DEPSEC, comunica que em raz\u00e3o da orienta\u00e7\u00e3o do Governo Federal, atrav\u00e9s do Minist\u00e9rio da Educa\u00e7\u00e3o e Cultura &#8211; MEC, que sugere o ingresso nas IES por meio das notas do Exame Nacional do Ensino M\u00e9dio &#8211; ENEM, est\u00e1 organizando-se para disponibilizar vagas ao PS &#8211; 2014 somente atrav\u00e9s das provas do ENEM, ou seja, 100% das vagas seriam preenchidas somente via ENEM. Ressalta-se que esse processo de ades\u00e3o ao ENEM, e posteriormente, ao SISU (Sistema de Sele\u00e7\u00e3o Unificada) encontra-se em andamento no DEPSEC, visto que h\u00e1 de considerar-se certos tr\u00e2mites legais e burocr\u00e1ticos que tendem a regrar o ingresso \u00e0s vagas de uma IFES, entre eles destaca-se a aprecia\u00e7\u00e3o do Conselho Universit\u00e1rio (CONSU).<\/p>\n<p style=\"text-align: justify;\">Assim, em fun\u00e7\u00e3o dessa pretensa ades\u00e3o ao ENEM\/SISU como \u00fanica forma de ingresso aos cursos ofertados na UNIFAP e a j\u00e1 abertura das inscri\u00e7\u00f5es ao referido exame (visto que estava previsto para ocorrer no in\u00edcio de junho, conforme informado em reuni\u00e3o SISU\/ENEM\/MEC, ocorrida em 16\/04\/13, em Bras\u00edlia), esta IFES est\u00e1 orientando os candidatos a realizarem sua inscri\u00e7\u00e3o no ENEM, no per\u00edodo de 13 a 27\/05\/2013. O Edital deste Exame encontra-se dispon\u00edvel no site www.enem.inep.gov.br.<\/p>\n<p style=\"text-align: justify;\">Lembramos que os ajustes necess\u00e1rios ao Processo Seletivo 2014 \/ UNIFAP em conformidade aos dispostos legais ser\u00e3o realizados e comunicados posteriormente, assim como a publica\u00e7\u00e3o do Edital que ir\u00e1 reger esse Processo, seja exclusivamente via ENEM ou n\u00e3o. A UNIFAP ratifica seu compromisso com a popula\u00e7\u00e3o, em realizar um Processo Seletivo dentro dos crit\u00e9rios legais, e est\u00e1 trabalhando para assegur\u00e1-los.<\/p>\n<p>&nbsp;<\/p>\n<p>DEPSEC\/PROGRAD\/UNIFAP<\/p>\n<p><a href=\"http:\/\/www2.unifap.br\/ead\/files\/2013\/05\/comunicado_ps_2014.pdf\">Comunicado_PSS\/2014<\/a><\/p>\n<p style=\"text-align: justify;\"><em>Fonte:<\/em><\/p>\n<p style=\"text-align: justify;\"><a href=\"http:\/\/www.unifap.br\/?postagem=4754\" target=\"_blank\">http:\/\/www.unifap.br\/?postagem=4754<\/a><\/p>\n","protected":false},"excerpt":{"rendered":"<p>A Universidade Federal do Amap\u00e1 &#8211; UNIFAP, atrav\u00e9s do Departamento de Processos Seletivos e Concursos \u0096 DEPSEC, comunica que em raz\u00e3o da orienta\u00e7\u00e3o do Governo Federal, atrav\u00e9s do Minist\u00e9rio da&#8230;<\/p>\n","protected":false},"author":153,"featured_media":0,"comment_status":"closed","ping_status":"open","sticky":false,"template":"","format":"standard","meta":{"inline_featured_image":false,"ngg_post_thumbnail":0,"footnotes":""},"categories":[5],"tags":[],"class_list":["post-2468","post","type-post","status-publish","format-standard","hentry","category-noticia","entry"],"_links":{"self":[{"href":"https:\/\/www2.unifap.br\/ead\/wp-json\/wp\/v2\/posts\/2468","targetHints":{"allow":["GET"]}}],"collection":[{"href":"https:\/\/www2.unifap.br\/ead\/wp-json\/wp\/v2\/posts"}],"about":[{"href":"https:\/\/www2.unifap.br\/ead\/wp-json\/wp\/v2\/types\/post"}],"author":[{"embeddable":true,"href":"https:\/\/www2.unifap.br\/ead\/wp-json\/wp\/v2\/users\/153"}],"replies":[{"embeddable":true,"href":"https:\/\/www2.unifap.br\/ead\/wp-json\/wp\/v2\/comments?post=2468"}],"version-history":[{"count":5,"href":"https:\/\/www2.unifap.br\/ead\/wp-json\/wp\/v2\/posts\/2468\/revisions"}],"predecessor-version":[{"id":5830,"href":"https:\/\/www2.unifap.br\/ead\/wp-json\/wp\/v2\/posts\/2468\/revisions\/5830"}],"wp:attachment":[{"href":"https:\/\/www2.unifap.br\/ead\/wp-json\/wp\/v2\/media?parent=2468"}],"wp:term":[{"taxonomy":"category","embeddable":true,"href":"https:\/\/www2.unifap.br\/ead\/wp-json\/wp\/v2\/categories?post=2468"},{"taxonomy":"post_tag","embeddable":true,"href":"https:\/\/www2.unifap.br\/ead\/wp-json\/wp\/v2\/tags?post=2468"}],"curies":[{"name":"wp","href":"https:\/\/api.w.org\/{rel}","templated":true}]}}