{"id":25526,"date":"2022-08-10T17:19:54","date_gmt":"2022-08-10T20:19:54","guid":{"rendered":"https:\/\/www2.unifap.br\/ead\/?p=25526"},"modified":"2022-08-10T18:14:35","modified_gmt":"2022-08-10T21:14:35","slug":"processo-seletivo-para-professor-formador-dos-cursos-de-graduacao-e-especializacao-da-unifap-em-parceria-com-a-universidade-aberta-do-brasil-uab-edital-no-03-2022-dead-unifap-uab","status":"publish","type":"post","link":"https:\/\/www2.unifap.br\/ead\/processo-seletivo-para-professor-formador-dos-cursos-de-graduacao-e-especializacao-da-unifap-em-parceria-com-a-universidade-aberta-do-brasil-uab-edital-no-03-2022-dead-unifap-uab\/","title":{"rendered":"PROCESSO SELETIVO SIMPLIFICADO INTERNO E EXTERNO PARA PROFESSOR CONTEUDISTA DA EQUIPE MULTIDISCIPLINAR DO DEPARTAMENTO DE EDUCA\u00c7\u00c3O A DIST\u00c2NCIA DA UNIFAP, EM PARCERIA COM A UNIVERSIDADE ABERTA DO BRASIL \u2013 UAB\/EDITAL N\u00ba 03\/2022 &#8211; DEAD\/ UNIFAP\/UAB."},"content":{"rendered":"<p>O Departamento de Educa\u00e7\u00e3o a Dist\u00e2ncia (DEaD) torna p\u00fablica a Convoca\u00e7\u00e3o 02 do<br \/>\nProcesso de Sele\u00e7\u00e3o para provimento de vagas para as fun\u00e7\u00f5es de Professor Conteudista<br \/>\nI e II para atua\u00e7\u00e3o nos Cursos do UAB\/UNIFAP\/DEAD.<\/p>\n<p>&nbsp;<\/p>\n<p><a href=\"http:\/\/www2.unifap.br\/ead\/files\/2022\/08\/CONVOCACAO-Desenvolvedor-Moodle-1-1.pdf\">Baixar convoca\u00e7\u00e3o<\/a><\/p>\n","protected":false},"excerpt":{"rendered":"<p>O Departamento de Educa\u00e7\u00e3o a Dist\u00e2ncia (DEaD) torna p\u00fablica a Convoca\u00e7\u00e3o 02 do Processo de Sele\u00e7\u00e3o para provimento de vagas para as fun\u00e7\u00f5es de Professor Conteudista I e II para&#8230;<\/p>\n","protected":false},"author":926,"featured_media":0,"comment_status":"closed","ping_status":"closed","sticky":false,"template":"","format":"standard","meta":{"inline_featured_image":false,"ngg_post_thumbnail":0,"footnotes":""},"categories":[5],"tags":[],"class_list":["post-25526","post","type-post","status-publish","format-standard","hentry","category-noticia","entry"],"_links":{"self":[{"href":"https:\/\/www2.unifap.br\/ead\/wp-json\/wp\/v2\/posts\/25526","targetHints":{"allow":["GET"]}}],"collection":[{"href":"https:\/\/www2.unifap.br\/ead\/wp-json\/wp\/v2\/posts"}],"about":[{"href":"https:\/\/www2.unifap.br\/ead\/wp-json\/wp\/v2\/types\/post"}],"author":[{"embeddable":true,"href":"https:\/\/www2.unifap.br\/ead\/wp-json\/wp\/v2\/users\/926"}],"replies":[{"embeddable":true,"href":"https:\/\/www2.unifap.br\/ead\/wp-json\/wp\/v2\/comments?post=25526"}],"version-history":[{"count":3,"href":"https:\/\/www2.unifap.br\/ead\/wp-json\/wp\/v2\/posts\/25526\/revisions"}],"predecessor-version":[{"id":25534,"href":"https:\/\/www2.unifap.br\/ead\/wp-json\/wp\/v2\/posts\/25526\/revisions\/25534"}],"wp:attachment":[{"href":"https:\/\/www2.unifap.br\/ead\/wp-json\/wp\/v2\/media?parent=25526"}],"wp:term":[{"taxonomy":"category","embeddable":true,"href":"https:\/\/www2.unifap.br\/ead\/wp-json\/wp\/v2\/categories?post=25526"},{"taxonomy":"post_tag","embeddable":true,"href":"https:\/\/www2.unifap.br\/ead\/wp-json\/wp\/v2\/tags?post=25526"}],"curies":[{"name":"wp","href":"https:\/\/api.w.org\/{rel}","templated":true}]}}