{"id":2630,"date":"2013-05-28T09:43:25","date_gmt":"2013-05-28T12:43:25","guid":{"rendered":"http:\/\/www2.unifap.br\/ead\/?p=2630"},"modified":"2013-10-16T11:10:05","modified_gmt":"2013-10-16T14:10:05","slug":"processo-seletivo-simplificado-unifap-para-tutor-em-matematica-e-libras-18-vagas","status":"publish","type":"post","link":"https:\/\/www2.unifap.br\/ead\/processo-seletivo-simplificado-unifap-para-tutor-em-matematica-e-libras-18-vagas\/","title":{"rendered":"Processo Seletivo Simplificado Unifap para Tutor em Matem\u00e1tica e Libras 18 vagas"},"content":{"rendered":"<p style=\"text-align: justify;\">A Pr\u00f3-Reitoria de Ensino e Gradua\u00e7\u00e3o \u2013 PROGRAD, atrav\u00e9s do Departamento de Educa\u00e7\u00e3o \u00e0 Dist\u00e2ncia, torna p\u00fablico o processo seletivo simplificado, de chamada externa, conforme epigrafado, para sele\u00e7\u00e3o de Tutores do Sistema Universidade Aberta do Brasil &#8211; UAB\/CAPES, os quais ir\u00e3o atuar em componente curricular do Curso de Licenciatura Plena em Matem\u00e1tica \u2013 modalidade \u00e0 dist\u00e2ncia, do Programa Universidade Aberta do Brasil \u2013 UAB que ocorre em parceria com a Universidade Federal do Amap\u00e1 \u2013 UNIFAP.<\/p>\n<p style=\"text-align: justify;\"><strong>As inscri\u00e7\u00f5es ser\u00e3o online, iniciar\u00e3o no dia 27\/05\/2013 e terminar\u00e3o no dia 02\/06\/2013.<\/strong><\/p>\n<p style=\"text-align: justify;\">A presente sele\u00e7\u00e3o de tutores ser\u00e1 regida por este Edital e ser\u00e1 executada pelo Departamento de Educa\u00e7\u00e3o \u00e0 Dist\u00e2ncia \u2013 DEaD\/UNIFAP. A sele\u00e7\u00e3o destina-se ao preenchimento de vagas existentes conforme descrito no edital e ainda, das que surgirem no decorrer do prazo de validade desta sele\u00e7\u00e3o, que \u00e9 de seis (06) meses, prorrog\u00e1vel por igual per\u00edodo, de acordo com a necessidade e interesse da Coordena\u00e7\u00e3o da UAB e do curso, a contar da data de publica\u00e7\u00e3o dos resultados.<\/p>\n<p style=\"text-align: justify;\">Os selecionados ser\u00e3o contratados na modalidade de bolsistas do Programa Universidade Aberta do Brasil, que \u00e9 financiado pela CAPES. O bolsista, durante o per\u00edodo de vig\u00eancia de sua vincula\u00e7\u00e3o desempenhar\u00e1 suas atribui\u00e7\u00f5es diretamente \u00e0 Coordena\u00e7\u00e3o do Curso de Matem\u00e1tica \u00e0 dist\u00e2ncia e UAB, os quais n\u00e3o ter\u00e3o v\u00ednculo empregat\u00edcio com a UNIFAP.<\/p>\n<p style=\"text-align: justify;\">Para os candidatos que desejem mais informa\u00e7\u00f5es, sobre o quantitativo de vagas e perfil dos candidatos, acessar o endere\u00e7o:<\/p>\n<p style=\"text-align: justify;\"><a href=\"http:\/\/www2.unifap.br\/ead\/editais\/em-andamento\/matematica\/\">http:\/\/www2.unifap.br\/ead\/editais\/em-andamento\/matematica\/<\/a><\/p>\n","protected":false},"excerpt":{"rendered":"<p>A Pr\u00f3-Reitoria de Ensino e Gradua\u00e7\u00e3o \u2013 PROGRAD, atrav\u00e9s do Departamento de Educa\u00e7\u00e3o \u00e0 Dist\u00e2ncia, torna p\u00fablico o processo seletivo simplificado, de chamada externa, conforme epigrafado, para sele\u00e7\u00e3o de Tutores&#8230;<\/p>\n","protected":false},"author":153,"featured_media":0,"comment_status":"closed","ping_status":"open","sticky":false,"template":"","format":"standard","meta":{"inline_featured_image":false,"ngg_post_thumbnail":0,"footnotes":""},"categories":[5],"tags":[],"class_list":["post-2630","post","type-post","status-publish","format-standard","hentry","category-noticia","entry"],"_links":{"self":[{"href":"https:\/\/www2.unifap.br\/ead\/wp-json\/wp\/v2\/posts\/2630","targetHints":{"allow":["GET"]}}],"collection":[{"href":"https:\/\/www2.unifap.br\/ead\/wp-json\/wp\/v2\/posts"}],"about":[{"href":"https:\/\/www2.unifap.br\/ead\/wp-json\/wp\/v2\/types\/post"}],"author":[{"embeddable":true,"href":"https:\/\/www2.unifap.br\/ead\/wp-json\/wp\/v2\/users\/153"}],"replies":[{"embeddable":true,"href":"https:\/\/www2.unifap.br\/ead\/wp-json\/wp\/v2\/comments?post=2630"}],"version-history":[{"count":3,"href":"https:\/\/www2.unifap.br\/ead\/wp-json\/wp\/v2\/posts\/2630\/revisions"}],"predecessor-version":[{"id":5825,"href":"https:\/\/www2.unifap.br\/ead\/wp-json\/wp\/v2\/posts\/2630\/revisions\/5825"}],"wp:attachment":[{"href":"https:\/\/www2.unifap.br\/ead\/wp-json\/wp\/v2\/media?parent=2630"}],"wp:term":[{"taxonomy":"category","embeddable":true,"href":"https:\/\/www2.unifap.br\/ead\/wp-json\/wp\/v2\/categories?post=2630"},{"taxonomy":"post_tag","embeddable":true,"href":"https:\/\/www2.unifap.br\/ead\/wp-json\/wp\/v2\/tags?post=2630"}],"curies":[{"name":"wp","href":"https:\/\/api.w.org\/{rel}","templated":true}]}}