{"id":2638,"date":"2013-06-03T09:47:14","date_gmt":"2013-06-03T12:47:14","guid":{"rendered":"http:\/\/www2.unifap.br\/ead\/?p=2638"},"modified":"2013-10-16T11:10:05","modified_gmt":"2013-10-16T14:10:05","slug":"universidade-aberta-deve-ser-ampliada-a-partir-de-2015-em-mocambique","status":"publish","type":"post","link":"https:\/\/www2.unifap.br\/ead\/universidade-aberta-deve-ser-ampliada-a-partir-de-2015-em-mocambique\/","title":{"rendered":"Universidade Aberta deve ser ampliada a partir de 2015 em Mo\u00e7ambique"},"content":{"rendered":"<p style=\"text-align: justify;\">Acordo assinado nesta segunda-feira, 20, prev\u00ea a amplia\u00e7\u00e3o da Universidade Aberta do Brasil (UAB) em Mo\u00e7ambique. A partir de 2015, ser\u00e3o ofertadas mais 2 mil vagas nos cursos de ensino da matem\u00e1tica, da biologia, pedagogia e administra\u00e7\u00e3o p\u00fablica. O documento foi assinado pelo ministro da Educa\u00e7\u00e3o, Aloizio Mercadante, durante reuni\u00e3o com l\u00edderes de pa\u00edses africanos de l\u00edngua portuguesa.\u00a0O encontro foi realizado nesta segunda-feira, 20, na Costa do Sauipe, em Mata de S\u00e3o Jo\u00e3o, Bahia.<\/p>\n<p style=\"text-align: justify;\">A consolida\u00e7\u00e3o e expans\u00e3o da UAB em Mo\u00e7ambique deve ocorrer em mais cinco prov\u00edncias mo\u00e7ambicanas, al\u00e9m das tr\u00eas que j\u00e1 participam do programa. O acordo prev\u00ea que, at\u00e9 2015, a UAB em Mo\u00e7ambique vai ajustar sua infraestrutura para poder expandir.<\/p>\n<p style=\"text-align: justify;\">As atividades na UAB em Mo\u00e7ambique tiveram in\u00edcio em 2011. Atualmente, s\u00e3o 630 alunos. A primeira turma se forma no ano que vem.<\/p>\n<p style=\"text-align: justify;\">A UAB conta com a participa\u00e7\u00e3o das universidades parceiras, como a Universidade Federal do Estado do Rio de Janeiro (Unirio), Universidade Federal Fluminense (UFF), Universidade Federal de Juiz de Fora (UFJF) e Universidade Federal de Goi\u00e1s (UFG), al\u00e9m da Coordena\u00e7\u00e3o de Aperfei\u00e7oamento de Pessoal de N\u00edvel Superior (Capes) e Ag\u00eancia Brasileira de Coopera\u00e7\u00e3o (ABC).<\/p>\n<p style=\"text-align: justify;\"><strong> <\/strong><\/p>\n<p style=\"text-align: justify;\"><strong>Coopera\u00e7\u00e3o<\/strong><br \/>\n&#8220;Temos de sair de projetos pulverizados e passar a desenhar pol\u00edticas estruturantes&#8221;, disse o ministro da Educa\u00e7\u00e3o, Aloizio Mercadante, durante reuni\u00e3o sobre o fortalecimento da coopera\u00e7\u00e3o Brasil\u2013\u00c1frica com os ministros da Educa\u00e7\u00e3o da Angola, Cabo Verde, Mo\u00e7ambique e S\u00e3o Tom\u00e9 e Pr\u00edncipe.<\/p>\n<p style=\"text-align: justify;\">Mercadante apontou a educa\u00e7\u00e3o como ponte estrat\u00e9gica entre Brasil e \u00c1frica. Segundo ele, somente por meio da educa\u00e7\u00e3o um pa\u00eds pode garantir o desenvolvimento sustent\u00e1vel. &#8220;Precisamos aprofundar as rela\u00e7\u00f5es e deixar um legado&#8221;, salientou.<\/p>\n<p style=\"text-align: justify;\">Durante o encontro, no qual foram debatidos os desafios educacionais de cada pa\u00eds, o ministro brasileiro apresentou a\u00e7\u00f5es e programas do MEC. O governo brasileiro mant\u00e9m em pa\u00edses africanos de l\u00edngua portuguesa diversas a\u00e7\u00f5es de parceria nas \u00e1reas de educa\u00e7\u00e3o superior, profissional e forma\u00e7\u00e3o de professores, entre outros. &#8220;Vamos definir o que \u00e9 priorit\u00e1rio. O MEC est\u00e1 disposto e pode ampliar o n\u00famero de bolsas oferecidas aos alunos africanos&#8221;, afirmou Mercadante.<\/p>\n<p style=\"text-align: justify;\">Durante o encontro, o ministro anunciou a cria\u00e7\u00e3o de um centro de especializa\u00e7\u00e3o tecnol\u00f3gica em Salvador. Inicialmente, o espa\u00e7o receberia 200 alunos africanos por ano, em car\u00e1ter experimental. O objetivo tamb\u00e9m ser\u00e1 capacitar professores africanos para que eles voltem ao pa\u00eds de origem e possam reproduzir o conhecimento adquirido no Brasil. A oferta de cursos t\u00e9cnicos atenderia a demanda daqueles pa\u00edses.<\/p>\n<p style=\"text-align: right;\"><em>(Paula Filizola \u2013 ACS\/MEC)<\/em><\/p>\n<p><em><strong>Fonte: <\/strong><\/em><\/p>\n<p><a href=\"http:\/\/uab.capes.gov.br\/index.php?option=com_content&amp;view=article&amp;id=227:universidade-aberta-deve-ser-ampliada-a-partir-de-2015-em-mocambique&amp;catid=1:noticia&amp;Itemid=7\" target=\"_blank\">www.uab.capes.gov.br\/<\/a><\/p>\n","protected":false},"excerpt":{"rendered":"<p>Acordo assinado nesta segunda-feira, 20, prev\u00ea a amplia\u00e7\u00e3o da Universidade Aberta do Brasil (UAB) em Mo\u00e7ambique. A partir de 2015, ser\u00e3o ofertadas mais 2 mil vagas nos cursos de ensino&#8230;<\/p>\n","protected":false},"author":153,"featured_media":0,"comment_status":"closed","ping_status":"open","sticky":false,"template":"","format":"standard","meta":{"inline_featured_image":false,"ngg_post_thumbnail":0,"footnotes":""},"categories":[5],"tags":[],"class_list":["post-2638","post","type-post","status-publish","format-standard","hentry","category-noticia","entry"],"_links":{"self":[{"href":"https:\/\/www2.unifap.br\/ead\/wp-json\/wp\/v2\/posts\/2638","targetHints":{"allow":["GET"]}}],"collection":[{"href":"https:\/\/www2.unifap.br\/ead\/wp-json\/wp\/v2\/posts"}],"about":[{"href":"https:\/\/www2.unifap.br\/ead\/wp-json\/wp\/v2\/types\/post"}],"author":[{"embeddable":true,"href":"https:\/\/www2.unifap.br\/ead\/wp-json\/wp\/v2\/users\/153"}],"replies":[{"embeddable":true,"href":"https:\/\/www2.unifap.br\/ead\/wp-json\/wp\/v2\/comments?post=2638"}],"version-history":[{"count":4,"href":"https:\/\/www2.unifap.br\/ead\/wp-json\/wp\/v2\/posts\/2638\/revisions"}],"predecessor-version":[{"id":5824,"href":"https:\/\/www2.unifap.br\/ead\/wp-json\/wp\/v2\/posts\/2638\/revisions\/5824"}],"wp:attachment":[{"href":"https:\/\/www2.unifap.br\/ead\/wp-json\/wp\/v2\/media?parent=2638"}],"wp:term":[{"taxonomy":"category","embeddable":true,"href":"https:\/\/www2.unifap.br\/ead\/wp-json\/wp\/v2\/categories?post=2638"},{"taxonomy":"post_tag","embeddable":true,"href":"https:\/\/www2.unifap.br\/ead\/wp-json\/wp\/v2\/tags?post=2638"}],"curies":[{"name":"wp","href":"https:\/\/api.w.org\/{rel}","templated":true}]}}